{"id":30912,"date":"2008-03-28T18:47:02","date_gmt":"2008-03-28T18:47:02","guid":{"rendered":"http:\/\/archiv.szolnoktv.hu\/?p=30912"},"modified":"2021-11-17T13:27:33","modified_gmt":"2021-11-17T13:27:33","slug":"fakivagasok","status":"publish","type":"post","link":"http:\/\/archiv.szolnoktv.hu\/?p=30912","title":{"rendered":"Fakiv\u00e1g\u00e1sok"},"content":{"rendered":"<div class='booster-block booster-read-block'><\/div><p>F\u0171r\u00e9szek zaj\u00e1t\u00f3l lesz hangos a h\u00e9t v\u00e9g\u00e9n a V\u00e1rosmajor \u00fat egy szakasza. Ezzel egy \u00e9vek \u00f3ta h\u00faz\u00f3d\u00f3 probl\u00e9ma old\u00f3dik meg, a v\u00e1g\u00e1st az \u00fajonnan fel\u00e9p\u00fclt t\u00e1rsash\u00e1z lak\u00f3i is k\u00e9rt\u00e9k.<br \/>\nAz \u00f3ri\u00e1s t\u00fcsk\u00e9ket n\u00f6veszt\u0151 lep\u00e9nyf\u00e1k a V\u00e1rosmajor \u00fati, volt szovjet laktanya ker\u00edt\u00e9s\u00e9t szeg\u00e9lyezt\u00e9k. A sokszor a j\u00e1rd\u00e1ra is beny\u00fal\u00f3 t\u00fcsk\u00e9s \u00e1gak azonban vesz\u00e9lyeztetik az ott k\u00f6zleked\u0151k testi \u00e9ps\u00e9g\u00e9t. A n\u00f6v\u00e9nyek m\u00e1r r\u00e9g\u00f3ta meg\u00e9rettek a kiv\u00e1g\u00e1sra, a lehet\u0151s\u00e9g most j\u00f6tt el. A k\u00f6rzet k\u00e9pvisel\u0151j\u00e9vel is egyeztetett tervezett kiv\u00e1g\u00e1s a h\u00e9t v\u00e9g\u00e9n lesz, p\u00f3tl\u00e1sukr\u00f3l m\u00e1r a j\u00f6v\u0151 h\u00e9ten gondoskodik az \u00f6nkorm\u00e1nyzat. Hely\u00fckre ugyancsak lep\u00e9nyf\u00e1kat \u00fcltetnek, mert a v\u00e1rosi k\u00f6r\u00fclm\u00e9nyeket j\u00f3l t\u0171r\u0151 fajt\u00e1nak l\u00e9tezik t\u00fcske n\u00e9lk\u00fcli v\u00e1ltozata is. Az \u00e9ves fenntart\u00e1si programban szerepel a balesetvesz\u00e9lyes \u00e1gak lev\u00e1g\u00e1sa, az elsz\u00e1radt koron\u00e1k visszav\u00e1g\u00e1sa, ifj\u00edt\u00e1sa is. N\u00e9ha a teljes fa kiv\u00e1g\u00e1sa is elker\u00fclhetetlen, de ahol csak m\u00f3d van r\u00e1, a szakemberek igyekeznek meg\u00faj\u00edtani az \u00e1llom\u00e1nyt. Az eg\u00e9szs\u00e9ges r\u00e9szig visszav\u00e1gott f\u00e1k sebfel\u00fcleteit lekezelik, \u00edgy ak\u00e1r m\u00e9g tov\u00e1bbi 10-20 \u00e9vig biztos\u00edtva \u00e9let\u00fcket.<\/p>\n","protected":false},"excerpt":{"rendered":"<p>F\u0171r\u00e9szek zaj\u00e1t\u00f3l lesz hangos a h\u00e9t v\u00e9g\u00e9n a V\u00e1rosmajor \u00fat egy szakasza. Ezzel egy \u00e9vek \u00f3ta h\u00faz\u00f3d\u00f3 probl\u00e9ma old\u00f3dik meg, a v\u00e1g\u00e1st az \u00fajonnan fel\u00e9p\u00fclt t\u00e1rsash\u00e1z lak\u00f3i is k\u00e9rt\u00e9k. Az \u00f3ri\u00e1s t\u00fcsk\u00e9ket n\u00f6veszt\u0151 lep\u00e9nyf\u00e1k a V\u00e1rosmajor \u00fati, volt szovjet laktanya ker\u00edt\u00e9s\u00e9t szeg\u00e9lyezt\u00e9k. A sokszor a j\u00e1rd\u00e1ra is beny\u00fal\u00f3 t\u00fcsk\u00e9s \u00e1gak azonban vesz\u00e9lyeztetik az ott k\u00f6zleked\u0151k [&hellip;]<\/p>\n","protected":false},"author":2,"featured_media":0,"comment_status":"open","ping_status":"open","sticky":false,"template":"","format":"standard","meta":[],"categories":[24],"tags":[],"_links":{"self":[{"href":"http:\/\/archiv.szolnoktv.hu\/index.php?rest_route=\/wp\/v2\/posts\/30912"}],"collection":[{"href":"http:\/\/archiv.szolnoktv.hu\/index.php?rest_route=\/wp\/v2\/posts"}],"about":[{"href":"http:\/\/archiv.szolnoktv.hu\/index.php?rest_route=\/wp\/v2\/types\/post"}],"author":[{"embeddable":true,"href":"http:\/\/archiv.szolnoktv.hu\/index.php?rest_route=\/wp\/v2\/users\/2"}],"replies":[{"embeddable":true,"href":"http:\/\/archiv.szolnoktv.hu\/index.php?rest_route=%2Fwp%2Fv2%2Fcomments&post=30912"}],"version-history":[{"count":1,"href":"http:\/\/archiv.szolnoktv.hu\/index.php?rest_route=\/wp\/v2\/posts\/30912\/revisions"}],"predecessor-version":[{"id":31001,"href":"http:\/\/archiv.szolnoktv.hu\/index.php?rest_route=\/wp\/v2\/posts\/30912\/revisions\/31001"}],"wp:attachment":[{"href":"http:\/\/archiv.szolnoktv.hu\/index.php?rest_route=%2Fwp%2Fv2%2Fmedia&parent=30912"}],"wp:term":[{"taxonomy":"category","embeddable":true,"href":"http:\/\/archiv.szolnoktv.hu\/index.php?rest_route=%2Fwp%2Fv2%2Fcategories&post=30912"},{"taxonomy":"post_tag","embeddable":true,"href":"http:\/\/archiv.szolnoktv.hu\/index.php?rest_route=%2Fwp%2Fv2%2Ftags&post=30912"}],"curies":[{"name":"wp","href":"https:\/\/api.w.org\/{rel}","templated":true}]}}