{"id":30910,"date":"2008-03-27T19:48:05","date_gmt":"2008-03-27T19:48:05","guid":{"rendered":"http:\/\/archiv.szolnoktv.hu\/?p=30910"},"modified":"2021-11-17T13:27:33","modified_gmt":"2021-11-17T13:27:33","slug":"benedek-fulop-a-hozamban","status":"publish","type":"post","link":"http:\/\/archiv.szolnoktv.hu\/?p=30910","title":{"rendered":"Benedek F\u00fcl\u00f6p a Hozamban"},"content":{"rendered":"<div class='booster-block booster-read-block'><\/div><p>Janu\u00e1rban h\u00e1rom kor\u00e1bbi vagyonkezel\u0151 c\u00e9gb\u0151l megalakult a Magyar Nemzeti Vagyonkezel\u0151 R\u00e9szv\u00e9nyt\u00e1rsas\u00e1g. Ez a gazdas\u00e1gi t\u00e1rsas\u00e1g az, amelyik a m\u00e9g megmaradt \u00e1llami vagyont fel\u00fcgyeli, kezeli \u00e9s adott esetben \u00e9rt\u00e9kes\u00edti.<br \/>\nA Hozam Klub vend\u00e9gek\u00e9nt Benedek F\u00fcl\u00f6p, egykori \u00e1llamtitk\u00e1r, a vagyonkezel\u0151 szervezet vez\u00e9rigazgat\u00f3-helyettese az \u00faj szervezetr\u0151l besz\u00e9lt. Legink\u00e1bb persze arr\u00f3l, ami hozz\u00e1 a legk\u00f6zelebb \u00e1ll: az agr\u00e1rvagyon. Benedek F\u00fcl\u00f6pnek ez \u00e1ll a legk\u00f6zelebb a sz\u00edv\u00e9hez, hiszen a mez\u0151gazdas\u00e1gi miniszt\u00e9riumban t\u00f6lt\u00f6tte be a magas tiszts\u00e9get. A vet\u00edtettk\u00e9pes el\u0151ad\u00e1son \u00faj beoszt\u00e1s\u00e1b\u00f3l ered\u0151en az \u00faj c\u00e9ghez sorolt mez\u0151gazdas\u00e1gi vagyonr\u00f3l besz\u00e9lt. A vagyonkezel\u0151 \u00fcgyeli az egykori \u00e1llami f\u00f6ldalaphoz tartoz\u00f3 t\u00f6bb sz\u00e1zezer hekt\u00e1rt, de ebben az \u00e1llami tulajdon\u00fa r\u00e9szv\u00e9nyt\u00e1rsas\u00e1gba vont\u00e1k be az egykori \u00e1llami erd\u0151ket, a halgazdas\u00e1gokat &#8211; mint a hortob\u00e1gyi vagy a balatoni -, de itt vigy\u00e1zz\u00e1k \u00e9s kezelik p\u00e9ld\u00e1ul a honv\u00e9ds\u00e9gi ter\u00fcleteken  l\u00e9v\u0151 erd\u0151ket is. Mindez persze nem csup\u00e1n f\u00f6ldet, vizet vagy f\u00e1t jelent, hanem az azokhoz tartoz\u00f3 \u00e9p\u00edtm\u00e9nyeket, \u00e9p\u00fcleteket, m\u0171t\u00e1rgyakat is. A j\u00f3 gazd\u00e1lkod\u00e1s a sok-sok sz\u00e1zmilli\u00e1rdot \u00e9r\u0151 vagyont meg\u0151rizheti, gyarap\u00edthatja, de el is herd\u00e1lhatja. Benedek F\u00fcl\u00f6p szerint a gyarap\u00edt\u00e1s az egyetlen elfogadhat\u00f3 m\u0171k\u00f6d\u00e9si form\u00e1ja a friss szervezetnek.<\/p>\n","protected":false},"excerpt":{"rendered":"<p>Janu\u00e1rban h\u00e1rom kor\u00e1bbi vagyonkezel\u0151 c\u00e9gb\u0151l megalakult a Magyar Nemzeti Vagyonkezel\u0151 R\u00e9szv\u00e9nyt\u00e1rsas\u00e1g. Ez a gazdas\u00e1gi t\u00e1rsas\u00e1g az, amelyik a m\u00e9g megmaradt \u00e1llami vagyont fel\u00fcgyeli, kezeli \u00e9s adott esetben \u00e9rt\u00e9kes\u00edti. A Hozam Klub vend\u00e9gek\u00e9nt Benedek F\u00fcl\u00f6p, egykori \u00e1llamtitk\u00e1r, a vagyonkezel\u0151 szervezet vez\u00e9rigazgat\u00f3-helyettese az \u00faj szervezetr\u0151l besz\u00e9lt. Legink\u00e1bb persze arr\u00f3l, ami hozz\u00e1 a legk\u00f6zelebb \u00e1ll: az agr\u00e1rvagyon. Benedek [&hellip;]<\/p>\n","protected":false},"author":2,"featured_media":0,"comment_status":"open","ping_status":"open","sticky":false,"template":"","format":"standard","meta":[],"categories":[24],"tags":[],"_links":{"self":[{"href":"http:\/\/archiv.szolnoktv.hu\/index.php?rest_route=\/wp\/v2\/posts\/30910"}],"collection":[{"href":"http:\/\/archiv.szolnoktv.hu\/index.php?rest_route=\/wp\/v2\/posts"}],"about":[{"href":"http:\/\/archiv.szolnoktv.hu\/index.php?rest_route=\/wp\/v2\/types\/post"}],"author":[{"embeddable":true,"href":"http:\/\/archiv.szolnoktv.hu\/index.php?rest_route=\/wp\/v2\/users\/2"}],"replies":[{"embeddable":true,"href":"http:\/\/archiv.szolnoktv.hu\/index.php?rest_route=%2Fwp%2Fv2%2Fcomments&post=30910"}],"version-history":[{"count":1,"href":"http:\/\/archiv.szolnoktv.hu\/index.php?rest_route=\/wp\/v2\/posts\/30910\/revisions"}],"predecessor-version":[{"id":31003,"href":"http:\/\/archiv.szolnoktv.hu\/index.php?rest_route=\/wp\/v2\/posts\/30910\/revisions\/31003"}],"wp:attachment":[{"href":"http:\/\/archiv.szolnoktv.hu\/index.php?rest_route=%2Fwp%2Fv2%2Fmedia&parent=30910"}],"wp:term":[{"taxonomy":"category","embeddable":true,"href":"http:\/\/archiv.szolnoktv.hu\/index.php?rest_route=%2Fwp%2Fv2%2Fcategories&post=30910"},{"taxonomy":"post_tag","embeddable":true,"href":"http:\/\/archiv.szolnoktv.hu\/index.php?rest_route=%2Fwp%2Fv2%2Ftags&post=30910"}],"curies":[{"name":"wp","href":"https:\/\/api.w.org\/{rel}","templated":true}]}}