{"id":30909,"date":"2008-03-27T19:47:09","date_gmt":"2008-03-27T19:47:09","guid":{"rendered":"http:\/\/archiv.szolnoktv.hu\/?p=30909"},"modified":"2021-11-17T13:27:33","modified_gmt":"2021-11-17T13:27:33","slug":"van-velemenyem-program","status":"publish","type":"post","link":"http:\/\/archiv.szolnoktv.hu\/?p=30909","title":{"rendered":"Van V\u00e9lem\u00e9nyem Program"},"content":{"rendered":"<div class='booster-block booster-read-block'><\/div><p>Es\u00e9lyegyenl\u0151s\u00e9g, \u00f6n\u00e9rv\u00e9nyes\u00edt\u00e9s, alapvet\u0151 emberi jogok. Ez volt a t\u00e9ma ma az orsz\u00e1gos Van V\u00e9lem\u00e9nyem Program szolnoki rendezv\u00e9ny\u00e9n. Az el\u0151ad\u00e1ssorozat c\u00e9lja, hogy az \u00e9rtelmi fogyat\u00e9kkal \u00e9l\u0151k merj\u00e9k hallatni a hangjukat. Legyenek tiszt\u00e1ban a jogaikkal, \u00e9s ne engedj\u00e9k, hogy helyett\u00fck d\u00f6ntesenek. Ehhez azonban seg\u00edt\u0151kre is sz\u00fcks\u00e9g\u00fck van, \u00edgy hozz\u00e1tartoz\u00f3kat \u00e9s civil szervezeteket is v\u00e1rt\u00e1k az el\u0151ad\u00e1sokra, amelyeken fogyat\u00e9kkal \u00e9l\u0151k osztott\u00e1k meg t\u00e1rsaikkal tapaszatalataikat. Farkas Mikl\u00f3s tapasztalati szak\u00e9rt\u0151 szerint ez a program az\u00e9rt j\u00f3, mert minden megyesz\u00e9khelyen megfordulnak, \u00edgy sok embernek el tudj\u00e1k mondani, hogyan tudj\u00e1k magunkat kifejezni, illetve m\u00e1sok is meg tudj\u00e1k \u0151ket ismerni. A program azonban sokak szerint nem el\u00e9g; a t\u00e1rsadalom szeml\u00e9letv\u00e1lt\u00e1s\u00e1ra lenne sz\u00fcks\u00e9g. Az eg\u00e9szs\u00e9ges ember p\u00e9ld\u00e1ul a csal\u00e1dhoz, p\u00e1rkapcsolathoz, gyermekv\u00e1llal\u00e1shoz val\u00f3 jogot alapvet\u0151nek tartja. Nekik azonban ezek a lehet\u0151s\u00e9geik is korl\u00e1tozottak \u00e9s ez ellen szeretn\u00e9nek tenni. Szepesi Rich\u00e1rd, a Nem Adom Fel Alap\u00edtv\u00e1ny munkat\u00e1rsa elmondta: igaz\u00e1b\u00f3l csak akkor lesz v\u00e1ltoz\u00e1s, hogyha a szeml\u00e9let megv\u00e1ltozik, de ez\u00e9rt a fogyat\u00e9kosoknak is tenni kell. Ezzel a rendezv\u00e9nysorozattal t\u00fal azon, hogy egym\u00e1ssal tal\u00e1lkoznak, tapaszatalatot cser\u00e9lnek, az emberek figyelm\u00e9t is szeretn\u00e9k felh\u00edvni magukra, jogaikra. Arra, hogy minden \u00e9rtelmileg akad\u00e1lyozott ember a t\u00e1rsadalom teljes \u00e9rt\u00e9k\u0171 tagja \u00e9s hogy \u00e9rnek annyit, mint eg\u00e9szs\u00e9ges t\u00e1rsaik.<\/p>\n","protected":false},"excerpt":{"rendered":"<p>Es\u00e9lyegyenl\u0151s\u00e9g, \u00f6n\u00e9rv\u00e9nyes\u00edt\u00e9s, alapvet\u0151 emberi jogok. Ez volt a t\u00e9ma ma az orsz\u00e1gos Van V\u00e9lem\u00e9nyem Program szolnoki rendezv\u00e9ny\u00e9n. Az el\u0151ad\u00e1ssorozat c\u00e9lja, hogy az \u00e9rtelmi fogyat\u00e9kkal \u00e9l\u0151k merj\u00e9k hallatni a hangjukat. Legyenek tiszt\u00e1ban a jogaikkal, \u00e9s ne engedj\u00e9k, hogy helyett\u00fck d\u00f6ntesenek. Ehhez azonban seg\u00edt\u0151kre is sz\u00fcks\u00e9g\u00fck van, \u00edgy hozz\u00e1tartoz\u00f3kat \u00e9s civil szervezeteket is v\u00e1rt\u00e1k az el\u0151ad\u00e1sokra, amelyeken [&hellip;]<\/p>\n","protected":false},"author":2,"featured_media":0,"comment_status":"open","ping_status":"open","sticky":false,"template":"","format":"standard","meta":[],"categories":[24],"tags":[],"_links":{"self":[{"href":"http:\/\/archiv.szolnoktv.hu\/index.php?rest_route=\/wp\/v2\/posts\/30909"}],"collection":[{"href":"http:\/\/archiv.szolnoktv.hu\/index.php?rest_route=\/wp\/v2\/posts"}],"about":[{"href":"http:\/\/archiv.szolnoktv.hu\/index.php?rest_route=\/wp\/v2\/types\/post"}],"author":[{"embeddable":true,"href":"http:\/\/archiv.szolnoktv.hu\/index.php?rest_route=\/wp\/v2\/users\/2"}],"replies":[{"embeddable":true,"href":"http:\/\/archiv.szolnoktv.hu\/index.php?rest_route=%2Fwp%2Fv2%2Fcomments&post=30909"}],"version-history":[{"count":1,"href":"http:\/\/archiv.szolnoktv.hu\/index.php?rest_route=\/wp\/v2\/posts\/30909\/revisions"}],"predecessor-version":[{"id":31004,"href":"http:\/\/archiv.szolnoktv.hu\/index.php?rest_route=\/wp\/v2\/posts\/30909\/revisions\/31004"}],"wp:attachment":[{"href":"http:\/\/archiv.szolnoktv.hu\/index.php?rest_route=%2Fwp%2Fv2%2Fmedia&parent=30909"}],"wp:term":[{"taxonomy":"category","embeddable":true,"href":"http:\/\/archiv.szolnoktv.hu\/index.php?rest_route=%2Fwp%2Fv2%2Fcategories&post=30909"},{"taxonomy":"post_tag","embeddable":true,"href":"http:\/\/archiv.szolnoktv.hu\/index.php?rest_route=%2Fwp%2Fv2%2Ftags&post=30909"}],"curies":[{"name":"wp","href":"https:\/\/api.w.org\/{rel}","templated":true}]}}