{"id":30908,"date":"2008-03-27T19:46:45","date_gmt":"2008-03-27T19:46:45","guid":{"rendered":"http:\/\/archiv.szolnoktv.hu\/?p=30908"},"modified":"2021-11-17T13:27:33","modified_gmt":"2021-11-17T13:27:33","slug":"szolnoki-komp","status":"publish","type":"post","link":"http:\/\/archiv.szolnoktv.hu\/?p=30908","title":{"rendered":"Szolnoki KOMP"},"content":{"rendered":"<div class='booster-block booster-read-block'><\/div><p>Kort\u00e1rs M\u0171v\u00e9szeti Par\u00e1d\u00e9 &#8211; azaz KOMP. Ez a mozaiksz\u00f3 jelk\u00e9pezi a szolnoki m\u0171v\u00e9szek \u00faj k\u00f6z\u00f6s programj\u00e1t. A par\u00e1d\u00e9 elnevez\u00e9s a fesztiv\u00e1l \u00e9letkori \u00e9s m\u0171v\u00e9szeti tarkas\u00e1g\u00e1t jelenti. Az Aba-Nov\u00e1k Kultur\u00e1lis K\u00f6zpont mellett a t\u00f6bb szervezet is r\u00e9szt vesz, p\u00e9ld\u00e1ul a Szigligeti Sz\u00ednh\u00e1z, a M\u0171v\u00e9sztelep \u00e9s a Tisza Mozi. A programok k\u00f6z\u00f6tt lesznek koncertek, szabadt\u00e9ri ki\u00e1ll\u00edt\u00e1sok, utcai kavalk\u00e1dok, alternat\u00edv sz\u00edniel\u0151ad\u00e1sok \u00e9s modernista maszkab\u00e1l. A legnagyobb meglepet\u00e9snek a street art, azaz utcai m\u0171v\u00e9szeti akci\u00f3k, \u00e9s a flashmob, azaz interneten szervez\u0151d\u0151 spont\u00e1n utcai megmozdul\u00e1sok lesznek. A szervez\u0151k azt \u00edg\u00e9rik, hogy a szolnokiak m\u00e1jus 14-e \u00e9s 24-e k\u00f6z\u00f6tt nagyon meg fognak lep\u0151dni.<\/p>\n","protected":false},"excerpt":{"rendered":"<p>Kort\u00e1rs M\u0171v\u00e9szeti Par\u00e1d\u00e9 &#8211; azaz KOMP. Ez a mozaiksz\u00f3 jelk\u00e9pezi a szolnoki m\u0171v\u00e9szek \u00faj k\u00f6z\u00f6s programj\u00e1t. A par\u00e1d\u00e9 elnevez\u00e9s a fesztiv\u00e1l \u00e9letkori \u00e9s m\u0171v\u00e9szeti tarkas\u00e1g\u00e1t jelenti. Az Aba-Nov\u00e1k Kultur\u00e1lis K\u00f6zpont mellett a t\u00f6bb szervezet is r\u00e9szt vesz, p\u00e9ld\u00e1ul a Szigligeti Sz\u00ednh\u00e1z, a M\u0171v\u00e9sztelep \u00e9s a Tisza Mozi. A programok k\u00f6z\u00f6tt lesznek koncertek, szabadt\u00e9ri ki\u00e1ll\u00edt\u00e1sok, utcai [&hellip;]<\/p>\n","protected":false},"author":2,"featured_media":0,"comment_status":"open","ping_status":"open","sticky":false,"template":"","format":"standard","meta":[],"categories":[24],"tags":[],"_links":{"self":[{"href":"http:\/\/archiv.szolnoktv.hu\/index.php?rest_route=\/wp\/v2\/posts\/30908"}],"collection":[{"href":"http:\/\/archiv.szolnoktv.hu\/index.php?rest_route=\/wp\/v2\/posts"}],"about":[{"href":"http:\/\/archiv.szolnoktv.hu\/index.php?rest_route=\/wp\/v2\/types\/post"}],"author":[{"embeddable":true,"href":"http:\/\/archiv.szolnoktv.hu\/index.php?rest_route=\/wp\/v2\/users\/2"}],"replies":[{"embeddable":true,"href":"http:\/\/archiv.szolnoktv.hu\/index.php?rest_route=%2Fwp%2Fv2%2Fcomments&post=30908"}],"version-history":[{"count":1,"href":"http:\/\/archiv.szolnoktv.hu\/index.php?rest_route=\/wp\/v2\/posts\/30908\/revisions"}],"predecessor-version":[{"id":31005,"href":"http:\/\/archiv.szolnoktv.hu\/index.php?rest_route=\/wp\/v2\/posts\/30908\/revisions\/31005"}],"wp:attachment":[{"href":"http:\/\/archiv.szolnoktv.hu\/index.php?rest_route=%2Fwp%2Fv2%2Fmedia&parent=30908"}],"wp:term":[{"taxonomy":"category","embeddable":true,"href":"http:\/\/archiv.szolnoktv.hu\/index.php?rest_route=%2Fwp%2Fv2%2Fcategories&post=30908"},{"taxonomy":"post_tag","embeddable":true,"href":"http:\/\/archiv.szolnoktv.hu\/index.php?rest_route=%2Fwp%2Fv2%2Ftags&post=30908"}],"curies":[{"name":"wp","href":"https:\/\/api.w.org\/{rel}","templated":true}]}}