{"id":30907,"date":"2008-03-27T19:46:15","date_gmt":"2008-03-27T19:46:15","guid":{"rendered":"http:\/\/archiv.szolnoktv.hu\/?p=30907"},"modified":"2021-11-17T13:27:33","modified_gmt":"2021-11-17T13:27:33","slug":"ii-rakoczi-ferenc-szuletesenek-evforduloja","status":"publish","type":"post","link":"http:\/\/archiv.szolnoktv.hu\/?p=30907","title":{"rendered":"II. R\u00e1k\u00f3czi Ferenc sz\u00fclet\u00e9s\u00e9nek \u00e9vfordul\u00f3ja"},"content":{"rendered":"<div class='booster-block booster-read-block'><\/div><p>332 \u00e9ve sz\u00fcletett II. R\u00e1k\u00f3czi Ferenc. Ezt \u00fcnnepelt\u00e9k meg R\u00e1k\u00f3czifalv\u00e1n. B\u00e1r a kast\u00e9ly maradv\u00e1nyait az 1900-as \u00e9vek elej\u00e9n elbontott\u00e1k, a k\u00f6zs\u00e9g m\u00e1ig h\u0171en \u0151rzi a n\u00e9vad\u00f3 fejedelem eml\u00e9k\u00e9t. A Kuruc Hagyom\u00e1ny\u0151rz\u0151 Egyes\u00fclet \u00e9vek \u00f3ta a trad\u00edci\u00f3k feleleven\u00edt\u00e9s\u00e9vel \u00e9s fenntart\u00e1s\u00e1val foglalkozik. \u00c9vr\u0151l \u00e9vre m\u0171soruk teszi sz\u00edness\u00e9 ezt az \u00fcnnepet. Id\u00e9n a toborz\u00f3 mellett egy m\u00e1sik \u00e9rdekess\u00e9ggel is szolg\u00e1ltak: a k\u00f6zs\u00e9gh\u00e1za fal\u00e1n felavatt\u00e1k a fejedelem fia, R\u00e1k\u00f3czi J\u00f3zsef s\u00edrk\u00f6v\u00e9nek pontos m\u00e1s\u00e1t. Az egyes\u00fclet egy nemzetk\u00f6zi fesztiv\u00e1lon ker\u00fclt kapcsolatba a bolg\u00e1r k\u00f6vets\u00e9ggel, \u00edgy jutottak el a s\u00edreml\u00e9khez, melyet csak n\u00e9h\u00e1ny \u00e9ve fedeztek fel. Terenyei Attila, a Kuruc Hagyom\u00e1ny\u0151rz\u0151 Egyes\u00fclet eln\u00f6ke elmondta: a bolg\u00e1r nagyk\u00f6vets\u00e9g tudom\u00e1s\u00e1ra jutott, hogy egy bolg\u00e1r telep\u00fcl\u00e9sen temett\u00e9k el II. R\u00e1k\u00f3czi Ferenc fi\u00e1t, R\u00e1k\u00f3czi J\u00f3zsefet. A k\u00f6zs\u00e9gb\u0151l egy k\u00fcld\u00f6tts\u00e9g tavaly tavasszal ell\u00e1togatott oda, \u00e9s megn\u00e9zte a s\u00edreml\u00e9ket. Az eredeti m\u00e1rv\u00e1nyt\u00e1bla az ottani templom fal\u00e1t d\u00edsz\u00edti, \u00e9s a bolg\u00e1rok nagy becsben tartj\u00e1k. Uzunova Lian\u00e1t\u00f3l, a Bolg\u00e1r K\u00f6zt\u00e1rsas\u00e1g Nagyk\u00f6vets\u00e9g\u00e9nek titk\u00e1r\u00e1t\u00f3l megtudtuk, hogy mi\u00e9rt: a c\u00edmerben angyal van \u00e9s a bolg\u00e1r emberek hisznek az \u0151rangyalokban. Emiatt az eml\u00e9kt\u00e1bla \u00e9vsz\u00e1zadokon \u00e1t fennmaradt \u00e9s m\u00e1s\u00e1t mostm\u00e1r a r\u00e1k\u00f3czifalvi k\u00f6zs\u00e9gh\u00e1za fal\u00e1n b\u00e1rki megcsod\u00e1lhatja. Az eml\u00e9kt\u00e1bla avat\u00e1son k\u00edv\u00fcl kuruc falatokkal \u00e9s hagyom\u00e1nyos programokkal: sz\u00ednj\u00e1tsz\u00f3 el\u0151ad\u00e1ssal, toborz\u00e1ssal, m\u00e1glyagy\u00fajt\u00e1ssal \u00e9s f\u00e1kly\u00e1s felvonul\u00e1ssal v\u00e1rt\u00e1k az \u00e9rdekl\u0151d\u0151ket. A fejedelem egykori birtok\u00e1n a szombat esti kuruc-b\u00e1l z\u00e1rja az \u00e9vfordul\u00f3t.<\/p>\n","protected":false},"excerpt":{"rendered":"<p>332 \u00e9ve sz\u00fcletett II. R\u00e1k\u00f3czi Ferenc. Ezt \u00fcnnepelt\u00e9k meg R\u00e1k\u00f3czifalv\u00e1n. B\u00e1r a kast\u00e9ly maradv\u00e1nyait az 1900-as \u00e9vek elej\u00e9n elbontott\u00e1k, a k\u00f6zs\u00e9g m\u00e1ig h\u0171en \u0151rzi a n\u00e9vad\u00f3 fejedelem eml\u00e9k\u00e9t. A Kuruc Hagyom\u00e1ny\u0151rz\u0151 Egyes\u00fclet \u00e9vek \u00f3ta a trad\u00edci\u00f3k feleleven\u00edt\u00e9s\u00e9vel \u00e9s fenntart\u00e1s\u00e1val foglalkozik. \u00c9vr\u0151l \u00e9vre m\u0171soruk teszi sz\u00edness\u00e9 ezt az \u00fcnnepet. Id\u00e9n a toborz\u00f3 mellett egy m\u00e1sik \u00e9rdekess\u00e9ggel [&hellip;]<\/p>\n","protected":false},"author":2,"featured_media":0,"comment_status":"open","ping_status":"open","sticky":false,"template":"","format":"standard","meta":[],"categories":[24],"tags":[],"_links":{"self":[{"href":"http:\/\/archiv.szolnoktv.hu\/index.php?rest_route=\/wp\/v2\/posts\/30907"}],"collection":[{"href":"http:\/\/archiv.szolnoktv.hu\/index.php?rest_route=\/wp\/v2\/posts"}],"about":[{"href":"http:\/\/archiv.szolnoktv.hu\/index.php?rest_route=\/wp\/v2\/types\/post"}],"author":[{"embeddable":true,"href":"http:\/\/archiv.szolnoktv.hu\/index.php?rest_route=\/wp\/v2\/users\/2"}],"replies":[{"embeddable":true,"href":"http:\/\/archiv.szolnoktv.hu\/index.php?rest_route=%2Fwp%2Fv2%2Fcomments&post=30907"}],"version-history":[{"count":1,"href":"http:\/\/archiv.szolnoktv.hu\/index.php?rest_route=\/wp\/v2\/posts\/30907\/revisions"}],"predecessor-version":[{"id":31006,"href":"http:\/\/archiv.szolnoktv.hu\/index.php?rest_route=\/wp\/v2\/posts\/30907\/revisions\/31006"}],"wp:attachment":[{"href":"http:\/\/archiv.szolnoktv.hu\/index.php?rest_route=%2Fwp%2Fv2%2Fmedia&parent=30907"}],"wp:term":[{"taxonomy":"category","embeddable":true,"href":"http:\/\/archiv.szolnoktv.hu\/index.php?rest_route=%2Fwp%2Fv2%2Fcategories&post=30907"},{"taxonomy":"post_tag","embeddable":true,"href":"http:\/\/archiv.szolnoktv.hu\/index.php?rest_route=%2Fwp%2Fv2%2Ftags&post=30907"}],"curies":[{"name":"wp","href":"https:\/\/api.w.org\/{rel}","templated":true}]}}