{"id":30905,"date":"2008-03-27T19:45:07","date_gmt":"2008-03-27T19:45:07","guid":{"rendered":"http:\/\/archiv.szolnoktv.hu\/?p=30905"},"modified":"2021-11-17T13:27:34","modified_gmt":"2021-11-17T13:27:34","slug":"gasztronomiai-kiallitas-2","status":"publish","type":"post","link":"http:\/\/archiv.szolnoktv.hu\/?p=30905","title":{"rendered":"Gasztron\u00f3miai ki\u00e1ll\u00edt\u00e1s"},"content":{"rendered":"<div class='booster-block booster-read-block'><\/div><p>Mindent a szemnek, mindent a sz\u00e1jnak. Szombaton rendezik a harmadik szolnoki gasztron\u00f3miai ki\u00e1ll\u00edt\u00e1st \u00e9s v\u00e1s\u00e1rt az Aba Nov\u00e1k Kultur\u00e1lis K\u00f6zpontban.<br \/>\nAz idei gasztron\u00f3miai ki\u00e1ll\u00edt\u00e1s is b\u0151velkedik majd \u00e9telk\u00fcl\u00f6nlegess\u00e9gekben, de bioterm\u00e9kek k\u00f6z\u00fcl is v\u00e1logathatnak aok, aki szombaton tizenegy \u00e9s f\u00e9l \u00f6t k\u00f6z\u00f6tt bet\u00e9rnek az Aba Nov\u00e1k Kultur\u00e1lis K\u00f6zpontba. A d\u00edszter\u00edt\u00e9sek, z\u00f6lds\u00e9gszobor- farag\u00e1sok mellett k\u00fcl\u00f6nleges rekordk\u00eds\u00e9rletre is sor ker\u00fcl: \u00f3ri\u00e1si pisk\u00f3tatekercs k\u00e9sz\u00fcl az aul\u00e1ban. A rendezv\u00e9nyre a bel\u00e9p\u00e9s d\u00edjtalan.<\/p>\n","protected":false},"excerpt":{"rendered":"<p>Mindent a szemnek, mindent a sz\u00e1jnak. Szombaton rendezik a harmadik szolnoki gasztron\u00f3miai ki\u00e1ll\u00edt\u00e1st \u00e9s v\u00e1s\u00e1rt az Aba Nov\u00e1k Kultur\u00e1lis K\u00f6zpontban. Az idei gasztron\u00f3miai ki\u00e1ll\u00edt\u00e1s is b\u0151velkedik majd \u00e9telk\u00fcl\u00f6nlegess\u00e9gekben, de bioterm\u00e9kek k\u00f6z\u00fcl is v\u00e1logathatnak aok, aki szombaton tizenegy \u00e9s f\u00e9l \u00f6t k\u00f6z\u00f6tt bet\u00e9rnek az Aba Nov\u00e1k Kultur\u00e1lis K\u00f6zpontba. A d\u00edszter\u00edt\u00e9sek, z\u00f6lds\u00e9gszobor- farag\u00e1sok mellett k\u00fcl\u00f6nleges rekordk\u00eds\u00e9rletre is [&hellip;]<\/p>\n","protected":false},"author":2,"featured_media":0,"comment_status":"open","ping_status":"open","sticky":false,"template":"","format":"standard","meta":[],"categories":[24],"tags":[],"_links":{"self":[{"href":"http:\/\/archiv.szolnoktv.hu\/index.php?rest_route=\/wp\/v2\/posts\/30905"}],"collection":[{"href":"http:\/\/archiv.szolnoktv.hu\/index.php?rest_route=\/wp\/v2\/posts"}],"about":[{"href":"http:\/\/archiv.szolnoktv.hu\/index.php?rest_route=\/wp\/v2\/types\/post"}],"author":[{"embeddable":true,"href":"http:\/\/archiv.szolnoktv.hu\/index.php?rest_route=\/wp\/v2\/users\/2"}],"replies":[{"embeddable":true,"href":"http:\/\/archiv.szolnoktv.hu\/index.php?rest_route=%2Fwp%2Fv2%2Fcomments&post=30905"}],"version-history":[{"count":1,"href":"http:\/\/archiv.szolnoktv.hu\/index.php?rest_route=\/wp\/v2\/posts\/30905\/revisions"}],"predecessor-version":[{"id":31008,"href":"http:\/\/archiv.szolnoktv.hu\/index.php?rest_route=\/wp\/v2\/posts\/30905\/revisions\/31008"}],"wp:attachment":[{"href":"http:\/\/archiv.szolnoktv.hu\/index.php?rest_route=%2Fwp%2Fv2%2Fmedia&parent=30905"}],"wp:term":[{"taxonomy":"category","embeddable":true,"href":"http:\/\/archiv.szolnoktv.hu\/index.php?rest_route=%2Fwp%2Fv2%2Fcategories&post=30905"},{"taxonomy":"post_tag","embeddable":true,"href":"http:\/\/archiv.szolnoktv.hu\/index.php?rest_route=%2Fwp%2Fv2%2Ftags&post=30905"}],"curies":[{"name":"wp","href":"https:\/\/api.w.org\/{rel}","templated":true}]}}