{"id":30904,"date":"2008-03-27T19:44:34","date_gmt":"2008-03-27T19:44:34","guid":{"rendered":"http:\/\/archiv.szolnoktv.hu\/?p=30904"},"modified":"2021-11-17T13:27:34","modified_gmt":"2021-11-17T13:27:34","slug":"ciprusi-misszio-2","status":"publish","type":"post","link":"http:\/\/archiv.szolnoktv.hu\/?p=30904","title":{"rendered":"Ciprusi misszi\u00f3"},"content":{"rendered":"<div class='booster-block booster-read-block'><\/div><p>Els\u0151 alkalommal tartottak Magyarorsz\u00e1gon k\u00f6z\u00f6s visszafogad\u00f3 \u00fcnneps\u00e9get a Ciprusr\u00f3l hazat\u00e9r\u0151 b\u00e9kefenntart\u00f3 magyar \u00e9s szlov\u00e1k katon\u00e1k tisztelet\u00e9re. A megosztott szigetorsz\u00e1gban tev\u00e9kenyked\u0151 k\u00f6z\u00f6s z\u00e1szl\u00f3aljban 69-en teljes\u00edtettek szolg\u00e1latot.<br \/>\nA helikopter b\u00e1zis alakul\u00f3 ter\u00e9n 44 magyar \u00e9s 25 szlov\u00e1k katona sorakozott fel a hazat\u00e9r\u00e9s\u00fck alkalm\u00e1b\u00f3l rendezett \u00fcnneps\u00e9gen. Mint a honv\u00e9delmi \u00e1llamtitk\u00e1r besz\u00e9d\u00e9ben fogalmazott, haz\u00e1nk 1995 \u00f3ta vesz r\u00e9szt az ENSZ missz\u00f3j\u00e1ban. Vadai \u00c1gnes Albert Einsteint id\u00e9zte, aki szerint b\u00e9k\u00e9t er\u0151szakkal nem lehet fenntartani. Erre j\u00f3 p\u00e9lda a g\u00f6r\u00f6g \u00e9s t\u00f6r\u00f6k fennhat\u00f3s\u00e1g alatt \u00e1ll\u00f3 szigetorsz\u00e1g, ahol 19 nemzet katon\u00e1i \u00f3vj\u00e1k a t\u00f6r\u00e9keny b\u00e9k\u00e9t, k\u00f6zt\u00fck k\u00f6z\u00f6s z\u00e1szl\u00f3aljban a magyar \u00e9s szlov\u00e1k k\u00e9ksisakosok. A b\u00e9kefenntart\u00f3k sikere az is, hogy a megosztott Cipruson j\u00faniusban \u00fajra asztalhoz \u00fclnek a felek, az egyes\u00edt\u00e9r\u0151l t\u00e1rgyalni &#8211; fogalmazott az \u00e1llamtitk\u00e1r. T\u00f6bben r\u00e9szes\u00fcltek elismer\u00e9sben \u00e9s t\u00e1rgyjutalomban, valamint mind a 69 katona \u00e1tvehette a &#8222;B\u00e9kefenntart\u00e1s\u00e9rt&#8221; szolg\u00e1lati jelet.<\/p>\n","protected":false},"excerpt":{"rendered":"<p>Els\u0151 alkalommal tartottak Magyarorsz\u00e1gon k\u00f6z\u00f6s visszafogad\u00f3 \u00fcnneps\u00e9get a Ciprusr\u00f3l hazat\u00e9r\u0151 b\u00e9kefenntart\u00f3 magyar \u00e9s szlov\u00e1k katon\u00e1k tisztelet\u00e9re. A megosztott szigetorsz\u00e1gban tev\u00e9kenyked\u0151 k\u00f6z\u00f6s z\u00e1szl\u00f3aljban 69-en teljes\u00edtettek szolg\u00e1latot. A helikopter b\u00e1zis alakul\u00f3 ter\u00e9n 44 magyar \u00e9s 25 szlov\u00e1k katona sorakozott fel a hazat\u00e9r\u00e9s\u00fck alkalm\u00e1b\u00f3l rendezett \u00fcnneps\u00e9gen. Mint a honv\u00e9delmi \u00e1llamtitk\u00e1r besz\u00e9d\u00e9ben fogalmazott, haz\u00e1nk 1995 \u00f3ta vesz r\u00e9szt az [&hellip;]<\/p>\n","protected":false},"author":2,"featured_media":0,"comment_status":"open","ping_status":"open","sticky":false,"template":"","format":"standard","meta":[],"categories":[24],"tags":[],"_links":{"self":[{"href":"http:\/\/archiv.szolnoktv.hu\/index.php?rest_route=\/wp\/v2\/posts\/30904"}],"collection":[{"href":"http:\/\/archiv.szolnoktv.hu\/index.php?rest_route=\/wp\/v2\/posts"}],"about":[{"href":"http:\/\/archiv.szolnoktv.hu\/index.php?rest_route=\/wp\/v2\/types\/post"}],"author":[{"embeddable":true,"href":"http:\/\/archiv.szolnoktv.hu\/index.php?rest_route=\/wp\/v2\/users\/2"}],"replies":[{"embeddable":true,"href":"http:\/\/archiv.szolnoktv.hu\/index.php?rest_route=%2Fwp%2Fv2%2Fcomments&post=30904"}],"version-history":[{"count":1,"href":"http:\/\/archiv.szolnoktv.hu\/index.php?rest_route=\/wp\/v2\/posts\/30904\/revisions"}],"predecessor-version":[{"id":31009,"href":"http:\/\/archiv.szolnoktv.hu\/index.php?rest_route=\/wp\/v2\/posts\/30904\/revisions\/31009"}],"wp:attachment":[{"href":"http:\/\/archiv.szolnoktv.hu\/index.php?rest_route=%2Fwp%2Fv2%2Fmedia&parent=30904"}],"wp:term":[{"taxonomy":"category","embeddable":true,"href":"http:\/\/archiv.szolnoktv.hu\/index.php?rest_route=%2Fwp%2Fv2%2Fcategories&post=30904"},{"taxonomy":"post_tag","embeddable":true,"href":"http:\/\/archiv.szolnoktv.hu\/index.php?rest_route=%2Fwp%2Fv2%2Ftags&post=30904"}],"curies":[{"name":"wp","href":"https:\/\/api.w.org\/{rel}","templated":true}]}}