{"id":30901,"date":"2008-03-26T19:55:23","date_gmt":"2008-03-26T19:55:23","guid":{"rendered":"http:\/\/archiv.szolnoktv.hu\/?p=30901"},"modified":"2021-11-17T13:27:34","modified_gmt":"2021-11-17T13:27:34","slug":"bezarhat-a-tisza-szallo-gyogyfurdoje","status":"publish","type":"post","link":"http:\/\/archiv.szolnoktv.hu\/?p=30901","title":{"rendered":"Bez\u00e1rhat a Tisza Sz\u00e1ll\u00f3 Gy\u00f3gyf\u00fcrd\u0151je"},"content":{"rendered":"<div class='booster-block booster-read-block'><\/div><p>Bez\u00e1r\u00e1s fenyegeti a szolnoki Tisza Sz\u00e1ll\u00f3 Gy\u00f3gyf\u00fcrd\u0151j\u00e9t. 2007. j\u00fanius 1-j\u00e9t\u0151l a t\u00e1rsadalombiztos\u00edt\u00e1si t\u00e1mogat\u00e1sok m\u00e9rt\u00e9ke bizonyos kezel\u00e9sekn\u00e9l jelent\u0151sen cs\u00f6kkent. A d\u00edjak emiatt emelkedtek, \u00edgy az els\u0151sorban kisp\u00e9nz\u0171 nyugd\u00edjas betegek nem tudj\u00e1k kifizetni a kezel\u00e9seket \u00e9s egyre kevesebb a l\u00e1togat\u00f3. J\u00fanius \u00f3ta ez 25 milli\u00f3 forintnyi kies\u00e9st jelentett a f\u00fcrd\u0151nek.<br \/>\nId\u00e9n lesz 80 \u00e9ves a szolnoki Tisza Sz\u00e1ll\u00f3 Gy\u00f3gyf\u00fcrd\u0151je. M\u0171k\u00f6d\u00e9se 1928-t\u00f3l folymatosnak mondhat\u00f3, csup\u00e1n a m\u00e1sodik vil\u00e1gh\u00e1bor\u00fa idej\u00e9n volt z\u00e1rva, \u00e9s a j\u00f6v\u0151 \u00e9vben tal\u00e1n ism\u00e9t bez\u00e1rhatja kapuit egy tavalyi rendelkez\u00e9s miatt. Az Orsz\u00e1gos Eg\u00e9szs\u00e9gbiztos\u00edt\u00e1si P\u00e9nzt\u00e1r ugyanis 2007 j\u00fanius\u00e1val megv\u00e1ltoztatta a finansz\u00edroz\u00e1s m\u00e9rt\u00e9k\u00e9t. A f\u00fcrd\u0151k emiatt k\u00e9nytelenek t\u00f6bb p\u00e9nzt elk\u00e9rni a beutaltakt\u00f3l. Ez\u00e9rt m\u00edg kor\u00e1bban egy t\u00f6bbf\u00e9le kezel\u00e9sb\u0151l \u00e1ll\u00f3 k\u00far\u00e1\u00e9rt itt Szolnokon 3-4 ezer forintot kellett fizetni, ez az \u00f6sszeg most 12 ezer forintra r\u00fag. A nyugd\u00edjasok ennyit azonban nem tudnak kifizetni, \u00edgy egyre kevesebben l\u00e1togatj\u00e1k a f\u00fcrd\u0151t. Lip\u00f3czki J\u00e1nos, Hotel Tisza Kft. \u00fcgyvezet\u0151 igazgat\u00f3ja elmondta: 2007 els\u0151 fel\u00e9ben, am\u00edg ez a rendelet nem l\u00e9pett hat\u00e1lyba, 44248 kezel\u00e9s folyt le, ami 11-12 ezer beteget jelent. Az \u00e9v m\u00e1sodik fel\u00e9ben 22752 kezel\u00e9st v\u00e9geztek, ami m\u00e1r csak 5-6 ezer f\u0151t jelent. A l\u00e1togat\u00f3k l\u00e9tsz\u00e1m\u00e1nak drasztikus cs\u00f6kken\u00e9se eddig \u00f6sszesen 25 milli\u00f3s bev\u00e9telkies\u00e9st jelentett a f\u00fcrd\u0151nek. Ezt az \u00f6sszeget nem tudj\u00e1k m\u00e1shonnan p\u00f3tolni, ez\u00e9rt a bez\u00e1r\u00e1son gondolkoznak. Lad\u00e1nyi L\u00e1szl\u00f3n\u00e9, a Megyei Eg\u00e9szs\u00e9gbiztos\u00edt\u00e1si P\u00e9nzt\u00e1r eg\u00e9szs\u00e9g\u00fcgyi igazgat\u00f3-helyettese t\u00e1j\u00e9koztat\u00e1sa szerint 1999-ig minden ell\u00e1t\u00e1sfajt\u00e1t 100 sz\u00e1zal\u00e9kban t\u00e1mogatott az OEP. 2000-t\u0151l a t\u00e1mogat\u00e1s m\u00e9rt\u00e9ke 85 sz\u00e1zal\u00e9kra cs\u00f6kkent, 2007 j\u00fanius elsej\u00e9t\u0151l  pedig v\u00e1ltoz\u00f3 lett, \u00e9s \u00e1ltal\u00e1ban fix \u00f6sszeg\u0171re m\u00f3dosult. A P\u00e9nzt\u00e1r szerint azonban nem a rendelet okozta a probl\u00e9m\u00e1t a gy\u00f3gyf\u00fcrd\u0151nek, hanem az, hogy \u00e9vr\u0151l \u00e9vre kevesebb beteg ut\u00e1n ig\u00e9nyletek t\u00e1mogat\u00e1st, \u00edgy a kifizetett \u00f6sszeg val\u00f3ban cs\u00f6kkent. B\u00e1rmi is a p\u00e9nzhi\u00e1ny oka, az \u00fczemeltet\u0151 c\u00e9g minden k\u00f6vet megmozgat, hogy a bez\u00e1r\u00e1st elker\u00fclje. A fennmarad\u00e1s \u00e9rdek\u00e9ben most egy s\u00falyos l\u00e9p\u00e9sre sz\u00e1nt\u00e1k el magukat: \u00e1prilis elsej\u00e9t\u0151l a l\u00e9tes\u00edtm\u00e9ny 16 dolgoz\u00f3j\u00e1nak fel\u00e9t elbocs\u00e1tj\u00e1k. Amennyiben ez sem lesz el\u00e9g a fenntart\u00e1shoz, \u00e9s nem kapnak seg\u00edts\u00e9get, j\u00f6v\u0151re val\u00f3sz\u00edn\u0171leg bez\u00e1rj\u00e1k a gy\u00f3gyf\u00fcrd\u0151t.<\/p>\n","protected":false},"excerpt":{"rendered":"<p>Bez\u00e1r\u00e1s fenyegeti a szolnoki Tisza Sz\u00e1ll\u00f3 Gy\u00f3gyf\u00fcrd\u0151j\u00e9t. 2007. j\u00fanius 1-j\u00e9t\u0151l a t\u00e1rsadalombiztos\u00edt\u00e1si t\u00e1mogat\u00e1sok m\u00e9rt\u00e9ke bizonyos kezel\u00e9sekn\u00e9l jelent\u0151sen cs\u00f6kkent. A d\u00edjak emiatt emelkedtek, \u00edgy az els\u0151sorban kisp\u00e9nz\u0171 nyugd\u00edjas betegek nem tudj\u00e1k kifizetni a kezel\u00e9seket \u00e9s egyre kevesebb a l\u00e1togat\u00f3. J\u00fanius \u00f3ta ez 25 milli\u00f3 forintnyi kies\u00e9st jelentett a f\u00fcrd\u0151nek. Id\u00e9n lesz 80 \u00e9ves a szolnoki Tisza [&hellip;]<\/p>\n","protected":false},"author":2,"featured_media":0,"comment_status":"open","ping_status":"open","sticky":false,"template":"","format":"standard","meta":[],"categories":[24],"tags":[],"_links":{"self":[{"href":"http:\/\/archiv.szolnoktv.hu\/index.php?rest_route=\/wp\/v2\/posts\/30901"}],"collection":[{"href":"http:\/\/archiv.szolnoktv.hu\/index.php?rest_route=\/wp\/v2\/posts"}],"about":[{"href":"http:\/\/archiv.szolnoktv.hu\/index.php?rest_route=\/wp\/v2\/types\/post"}],"author":[{"embeddable":true,"href":"http:\/\/archiv.szolnoktv.hu\/index.php?rest_route=\/wp\/v2\/users\/2"}],"replies":[{"embeddable":true,"href":"http:\/\/archiv.szolnoktv.hu\/index.php?rest_route=%2Fwp%2Fv2%2Fcomments&post=30901"}],"version-history":[{"count":1,"href":"http:\/\/archiv.szolnoktv.hu\/index.php?rest_route=\/wp\/v2\/posts\/30901\/revisions"}],"predecessor-version":[{"id":31012,"href":"http:\/\/archiv.szolnoktv.hu\/index.php?rest_route=\/wp\/v2\/posts\/30901\/revisions\/31012"}],"wp:attachment":[{"href":"http:\/\/archiv.szolnoktv.hu\/index.php?rest_route=%2Fwp%2Fv2%2Fmedia&parent=30901"}],"wp:term":[{"taxonomy":"category","embeddable":true,"href":"http:\/\/archiv.szolnoktv.hu\/index.php?rest_route=%2Fwp%2Fv2%2Fcategories&post=30901"},{"taxonomy":"post_tag","embeddable":true,"href":"http:\/\/archiv.szolnoktv.hu\/index.php?rest_route=%2Fwp%2Fv2%2Ftags&post=30901"}],"curies":[{"name":"wp","href":"https:\/\/api.w.org\/{rel}","templated":true}]}}