{"id":30900,"date":"2008-03-26T19:53:43","date_gmt":"2008-03-26T19:53:43","guid":{"rendered":"http:\/\/archiv.szolnoktv.hu\/?p=30900"},"modified":"2021-11-17T13:27:34","modified_gmt":"2021-11-17T13:27:34","slug":"bencsik-mihaly-a-magyar-kommunista-munkaspart-rakocziujfalui-polgarmesterjeloltje","status":"publish","type":"post","link":"http:\/\/archiv.szolnoktv.hu\/?p=30900","title":{"rendered":"Bencsik Mih\u00e1ly a Magyar Kommunista Munk\u00e1sp\u00e1rt r\u00e1k\u00f3czi\u00fajfalui polg\u00e1rmesterjel\u00f6ltje"},"content":{"rendered":"<div class='booster-block booster-read-block'><\/div><p>Vas\u00e1rnap id\u0151k\u00f6zi polg\u00e1rmester- v\u00e1laszt\u00e1st tartanak R\u00e1k\u00f3czi\u00fajfaluban. Kecsk\u00e9s J\u00e1nos decemberben- megromlott eg\u00e9szs\u00e9gi \u00e1llapot\u00e1ra hivatkozva- mondott le mand\u00e1tum\u00e1r\u00f3l. A m\u00e1rcius harmincadikai voksol\u00e1son \u00f6t jel\u00f6lt indul, k\u00f6zt\u00fck a Magyar Kommunista P\u00e1rt sz\u00edneiben Bencsik Mih\u00e1ly. Th\u00fcrmer Gyula p\u00e1rteln\u00f6k ma a telep\u00fcl\u00e9sen seg\u00edtette a kommunista jel\u00f6lt kamp\u00e1ny\u00e1t. A politikus szerint \u00faj emberekre van sz\u00fcks\u00e9ge az orsz\u00e1gnak, mert a politikai elit az eltelt h\u00fasz \u00e9vben kimer\u00edtette k\u00e9pess\u00e9geit. Th\u00fcrmer szerint Bencsik Mih\u00e1ly alkalmas a feladatra, hiszen R\u00e1k\u00f3czi\u00fajfaluban sz\u00fcletett, sok\u00e1ig ott \u00e9lt, r\u00e1ad\u00e1sul az ut\u00f3bbi \u00e9vek helyi politikai csat\u00e1roz\u00e1saib\u00f3l is kimaradt.<\/p>\n","protected":false},"excerpt":{"rendered":"<p>Vas\u00e1rnap id\u0151k\u00f6zi polg\u00e1rmester- v\u00e1laszt\u00e1st tartanak R\u00e1k\u00f3czi\u00fajfaluban. Kecsk\u00e9s J\u00e1nos decemberben- megromlott eg\u00e9szs\u00e9gi \u00e1llapot\u00e1ra hivatkozva- mondott le mand\u00e1tum\u00e1r\u00f3l. A m\u00e1rcius harmincadikai voksol\u00e1son \u00f6t jel\u00f6lt indul, k\u00f6zt\u00fck a Magyar Kommunista P\u00e1rt sz\u00edneiben Bencsik Mih\u00e1ly. Th\u00fcrmer Gyula p\u00e1rteln\u00f6k ma a telep\u00fcl\u00e9sen seg\u00edtette a kommunista jel\u00f6lt kamp\u00e1ny\u00e1t. A politikus szerint \u00faj emberekre van sz\u00fcks\u00e9ge az orsz\u00e1gnak, mert a politikai elit [&hellip;]<\/p>\n","protected":false},"author":2,"featured_media":0,"comment_status":"open","ping_status":"open","sticky":false,"template":"","format":"standard","meta":[],"categories":[24],"tags":[],"_links":{"self":[{"href":"http:\/\/archiv.szolnoktv.hu\/index.php?rest_route=\/wp\/v2\/posts\/30900"}],"collection":[{"href":"http:\/\/archiv.szolnoktv.hu\/index.php?rest_route=\/wp\/v2\/posts"}],"about":[{"href":"http:\/\/archiv.szolnoktv.hu\/index.php?rest_route=\/wp\/v2\/types\/post"}],"author":[{"embeddable":true,"href":"http:\/\/archiv.szolnoktv.hu\/index.php?rest_route=\/wp\/v2\/users\/2"}],"replies":[{"embeddable":true,"href":"http:\/\/archiv.szolnoktv.hu\/index.php?rest_route=%2Fwp%2Fv2%2Fcomments&post=30900"}],"version-history":[{"count":1,"href":"http:\/\/archiv.szolnoktv.hu\/index.php?rest_route=\/wp\/v2\/posts\/30900\/revisions"}],"predecessor-version":[{"id":31013,"href":"http:\/\/archiv.szolnoktv.hu\/index.php?rest_route=\/wp\/v2\/posts\/30900\/revisions\/31013"}],"wp:attachment":[{"href":"http:\/\/archiv.szolnoktv.hu\/index.php?rest_route=%2Fwp%2Fv2%2Fmedia&parent=30900"}],"wp:term":[{"taxonomy":"category","embeddable":true,"href":"http:\/\/archiv.szolnoktv.hu\/index.php?rest_route=%2Fwp%2Fv2%2Fcategories&post=30900"},{"taxonomy":"post_tag","embeddable":true,"href":"http:\/\/archiv.szolnoktv.hu\/index.php?rest_route=%2Fwp%2Fv2%2Ftags&post=30900"}],"curies":[{"name":"wp","href":"https:\/\/api.w.org\/{rel}","templated":true}]}}