{"id":30899,"date":"2008-03-26T19:51:21","date_gmt":"2008-03-26T19:51:21","guid":{"rendered":"http:\/\/archiv.szolnoktv.hu\/?p=30899"},"modified":"2021-11-17T13:27:34","modified_gmt":"2021-11-17T13:27:34","slug":"szolnok-a-muveszetek-palotajaban","status":"publish","type":"post","link":"http:\/\/archiv.szolnoktv.hu\/?p=30899","title":{"rendered":"Szolnok a M\u0171v\u00e9szetek Palot\u00e1j\u00e1ban"},"content":{"rendered":"<div class='booster-block booster-read-block'><\/div><p>A M\u0171v\u00e9szetek Palot\u00e1ja tavaly \u0151sszel ind\u00edtotta Hetedh\u00e9t Orsz\u00e1g c\u00edm\u0171 programsorozat\u00e1t. A hatalmas j\u00e1tsz\u00f3h\u00e1z- jelleg\u0171 rendezv\u00e9nyen minden h\u00f3nap utols\u00f3 vas\u00e1rnapj\u00e1n egy- egy megye, vagy megyesz\u00e9khely mutatkozhat be a f\u0151v\u00e1rosban. Kecskem\u00e9t, B\u00e9k\u00e9scsaba, Szeged, Ny\u00edregyh\u00e1za ut\u00e1n \u00f6t\u00f6dikk\u00e9nt Szolnok l\u00e9p fel. A renesz\u00e1nsz \u00e9v \u00e9s a Szolnok a Tisza f\u0151v\u00e1rosa gondolatmenet k\u00f6r\u00e9 \u00e9p\u00fcl a m\u00e1rcius harmincadikai rendezv\u00e9ny. Az Aba Nov\u00e1k Kultur\u00e1lis K\u00f6zpont szervez\u00e9s\u00e9ben fell\u00e9p a L\u00e9gier\u0151 Szolnok f\u00fav\u00f3szenekar, hadij\u00e1t\u00e9kot j\u00e1tszanak a Gladius T\u00f6rt\u00e9nelmi Hagyom\u00e1ny\u0151rz\u0151 Egyes\u00fclet tagjai, a Szeres N\u00e9pzenei Egy\u00fcttes t\u00e1nch\u00e1zba v\u00e1rja az \u00e9rdekl\u0151d\u0151ket. T\u00edz \u00f3r\u00e1t\u00f3l tizen\u00f6t \u00f3r\u00e1ig lesz k\u00e9zm\u0171vesfoglalkoz\u00e1s, sz\u00ednpadi bemutat\u00f3, j\u00e1tsz\u00f3h\u00e1z. A sz\u00e1zhatvan szolnoki fell\u00e9p\u0151t v\u00e1rhat\u00f3an ezer- ezer\u00f6tsz\u00e1z f\u0151v\u00e1rosi gyermek fogja figyelni.<\/p>\n","protected":false},"excerpt":{"rendered":"<p>A M\u0171v\u00e9szetek Palot\u00e1ja tavaly \u0151sszel ind\u00edtotta Hetedh\u00e9t Orsz\u00e1g c\u00edm\u0171 programsorozat\u00e1t. A hatalmas j\u00e1tsz\u00f3h\u00e1z- jelleg\u0171 rendezv\u00e9nyen minden h\u00f3nap utols\u00f3 vas\u00e1rnapj\u00e1n egy- egy megye, vagy megyesz\u00e9khely mutatkozhat be a f\u0151v\u00e1rosban. Kecskem\u00e9t, B\u00e9k\u00e9scsaba, Szeged, Ny\u00edregyh\u00e1za ut\u00e1n \u00f6t\u00f6dikk\u00e9nt Szolnok l\u00e9p fel. A renesz\u00e1nsz \u00e9v \u00e9s a Szolnok a Tisza f\u0151v\u00e1rosa gondolatmenet k\u00f6r\u00e9 \u00e9p\u00fcl a m\u00e1rcius harmincadikai rendezv\u00e9ny. Az Aba [&hellip;]<\/p>\n","protected":false},"author":2,"featured_media":0,"comment_status":"open","ping_status":"open","sticky":false,"template":"","format":"standard","meta":[],"categories":[24],"tags":[],"_links":{"self":[{"href":"http:\/\/archiv.szolnoktv.hu\/index.php?rest_route=\/wp\/v2\/posts\/30899"}],"collection":[{"href":"http:\/\/archiv.szolnoktv.hu\/index.php?rest_route=\/wp\/v2\/posts"}],"about":[{"href":"http:\/\/archiv.szolnoktv.hu\/index.php?rest_route=\/wp\/v2\/types\/post"}],"author":[{"embeddable":true,"href":"http:\/\/archiv.szolnoktv.hu\/index.php?rest_route=\/wp\/v2\/users\/2"}],"replies":[{"embeddable":true,"href":"http:\/\/archiv.szolnoktv.hu\/index.php?rest_route=%2Fwp%2Fv2%2Fcomments&post=30899"}],"version-history":[{"count":1,"href":"http:\/\/archiv.szolnoktv.hu\/index.php?rest_route=\/wp\/v2\/posts\/30899\/revisions"}],"predecessor-version":[{"id":31014,"href":"http:\/\/archiv.szolnoktv.hu\/index.php?rest_route=\/wp\/v2\/posts\/30899\/revisions\/31014"}],"wp:attachment":[{"href":"http:\/\/archiv.szolnoktv.hu\/index.php?rest_route=%2Fwp%2Fv2%2Fmedia&parent=30899"}],"wp:term":[{"taxonomy":"category","embeddable":true,"href":"http:\/\/archiv.szolnoktv.hu\/index.php?rest_route=%2Fwp%2Fv2%2Fcategories&post=30899"},{"taxonomy":"post_tag","embeddable":true,"href":"http:\/\/archiv.szolnoktv.hu\/index.php?rest_route=%2Fwp%2Fv2%2Ftags&post=30899"}],"curies":[{"name":"wp","href":"https:\/\/api.w.org\/{rel}","templated":true}]}}