{"id":30898,"date":"2008-03-26T19:49:27","date_gmt":"2008-03-26T19:49:27","guid":{"rendered":"http:\/\/archiv.szolnoktv.hu\/?p=30898"},"modified":"2021-11-17T13:27:34","modified_gmt":"2021-11-17T13:27:34","slug":"regionalis-munkaugyi-tanacs","status":"publish","type":"post","link":"http:\/\/archiv.szolnoktv.hu\/?p=30898","title":{"rendered":"Region\u00e1lis munka\u00fcgyi tan\u00e1cs"},"content":{"rendered":"<div class='booster-block booster-read-block'><\/div><p>Eltol\u00f3d\u00f3 hangs\u00falyok. A h\u00e1tr\u00e1nyos helyzet\u0171 kist\u00e9rs\u00e9gek az eddigiekn\u00e9l t\u00f6bb t\u00e1mogat\u00e1sban r\u00e9szes\u00fclnek a felz\u00e1rk\u00f3ztat\u00e1s el\u0151seg\u00edt\u00e9se \u00e9rdek\u00e9ben. Err\u0151l az \u00c9szak-alf\u00f6ldi Region\u00e1lis Munka\u00fcgyi Tan\u00e1cs mai, szolnoki \u00fcl\u00e9s\u00e9n d\u00f6nt\u00f6ttek.<br \/>\nTavaly a region\u00e1lis munkaer\u0151-piaci alapban elk\u00fcl\u00f6n\u00edtett 7,8 milli\u00e1rd forintot szinte teljes m\u00e9rt\u00e9kben felhaszn\u00e1lt\u00e1k, mint a munka\u00fcgyi tan\u00e1cs el\u00e9 ker\u00fclt t\u00e1j\u00e9koztat\u00f3b\u00f3l kider\u00fclt, ezzel 30 ezer ember \u00e9letmin\u0151s\u00e9g\u00e9n siker\u00fclt jav\u00edtani, v\u00e1ltoztatni. Az idei keret\u00f6sszeg 500 milli\u00f3val t\u00f6bb, mint az el\u0151z\u0151 esztend\u0151ben, a szakt\u00e1rca ir\u00e1nyelveit figyelembe v\u00e9ve azonban a tan\u00e1cs a p\u00e9nz\u00fcgyi forr\u00e1sok \u00e1tcsoportos\u00edt\u00e1s\u00e1r\u00f3l d\u00f6nt\u00f6tt. T\u00f6bb p\u00e9nz jut a h\u00e1tr\u00e1nyos helyzet\u0171 kist\u00e9rs\u00e9gekre, ez az \u00c9szak-alf\u00f6ldi R\u00e9gi\u00f3 28 kist\u00e9rs\u00e9g\u00e9b\u0151l 15-\u00f6t, J\u00e1sz-Nagykun-Szolnok megy\u00e9ben pedig kett\u0151t \u00e9rint. A h\u00e1tr\u00e1nyos helyzetb\u0151l fakad\u00f3an kiemelten kezelik a megv\u00e1ltozott munkak\u00e9pess\u00e9g\u0171ek foglalkoztat\u00e1s\u00e1t is. Tavaly j\u00falius 1-j\u00e9t\u0151l ugyanakkor csak azok a foglalkoztat\u00f3k vehetnek ig\u00e9nybe t\u00e1mogat\u00e1st, amelyek az igen szigor\u00fa akkredit\u00e1ci\u00f3s k\u00f6vetelm\u00e9nyeknek megfelelnek. A r\u00e9gi\u00f3ban 203 munk\u00e1ltat\u00f3 sz\u00e9khely\u00e9t \u00e9s tov\u00e1bbi 223 telephely\u00e9t min\u0151s\u00edtett\u00e9k alkalmasnak. A 426 munkahelyen \u00f6sszesen 12 ezer embert foglalkoztatnak.<\/p>\n","protected":false},"excerpt":{"rendered":"<p>Eltol\u00f3d\u00f3 hangs\u00falyok. A h\u00e1tr\u00e1nyos helyzet\u0171 kist\u00e9rs\u00e9gek az eddigiekn\u00e9l t\u00f6bb t\u00e1mogat\u00e1sban r\u00e9szes\u00fclnek a felz\u00e1rk\u00f3ztat\u00e1s el\u0151seg\u00edt\u00e9se \u00e9rdek\u00e9ben. Err\u0151l az \u00c9szak-alf\u00f6ldi Region\u00e1lis Munka\u00fcgyi Tan\u00e1cs mai, szolnoki \u00fcl\u00e9s\u00e9n d\u00f6nt\u00f6ttek. Tavaly a region\u00e1lis munkaer\u0151-piaci alapban elk\u00fcl\u00f6n\u00edtett 7,8 milli\u00e1rd forintot szinte teljes m\u00e9rt\u00e9kben felhaszn\u00e1lt\u00e1k, mint a munka\u00fcgyi tan\u00e1cs el\u00e9 ker\u00fclt t\u00e1j\u00e9koztat\u00f3b\u00f3l kider\u00fclt, ezzel 30 ezer ember \u00e9letmin\u0151s\u00e9g\u00e9n siker\u00fclt jav\u00edtani, v\u00e1ltoztatni. Az [&hellip;]<\/p>\n","protected":false},"author":2,"featured_media":0,"comment_status":"open","ping_status":"open","sticky":false,"template":"","format":"standard","meta":[],"categories":[24],"tags":[],"_links":{"self":[{"href":"http:\/\/archiv.szolnoktv.hu\/index.php?rest_route=\/wp\/v2\/posts\/30898"}],"collection":[{"href":"http:\/\/archiv.szolnoktv.hu\/index.php?rest_route=\/wp\/v2\/posts"}],"about":[{"href":"http:\/\/archiv.szolnoktv.hu\/index.php?rest_route=\/wp\/v2\/types\/post"}],"author":[{"embeddable":true,"href":"http:\/\/archiv.szolnoktv.hu\/index.php?rest_route=\/wp\/v2\/users\/2"}],"replies":[{"embeddable":true,"href":"http:\/\/archiv.szolnoktv.hu\/index.php?rest_route=%2Fwp%2Fv2%2Fcomments&post=30898"}],"version-history":[{"count":1,"href":"http:\/\/archiv.szolnoktv.hu\/index.php?rest_route=\/wp\/v2\/posts\/30898\/revisions"}],"predecessor-version":[{"id":31015,"href":"http:\/\/archiv.szolnoktv.hu\/index.php?rest_route=\/wp\/v2\/posts\/30898\/revisions\/31015"}],"wp:attachment":[{"href":"http:\/\/archiv.szolnoktv.hu\/index.php?rest_route=%2Fwp%2Fv2%2Fmedia&parent=30898"}],"wp:term":[{"taxonomy":"category","embeddable":true,"href":"http:\/\/archiv.szolnoktv.hu\/index.php?rest_route=%2Fwp%2Fv2%2Fcategories&post=30898"},{"taxonomy":"post_tag","embeddable":true,"href":"http:\/\/archiv.szolnoktv.hu\/index.php?rest_route=%2Fwp%2Fv2%2Ftags&post=30898"}],"curies":[{"name":"wp","href":"https:\/\/api.w.org\/{rel}","templated":true}]}}