{"id":30897,"date":"2008-03-26T19:47:02","date_gmt":"2008-03-26T19:47:02","guid":{"rendered":"http:\/\/archiv.szolnoktv.hu\/?p=30897"},"modified":"2021-11-17T13:27:34","modified_gmt":"2021-11-17T13:27:34","slug":"4-millio-koldus-orszaga","status":"publish","type":"post","link":"http:\/\/archiv.szolnoktv.hu\/?p=30897","title":{"rendered":"4 milli\u00f3 koldus orsz\u00e1ga"},"content":{"rendered":"<div class='booster-block booster-read-block'><\/div><p>Szolnokon tartotta orsz\u00e1gos k\u00fcld\u00f6ttgy\u0171l\u00e9s\u00e9t a megyesz\u00e9khelyen bejegyzett R\u00e1szorul\u00f3k Orsz\u00e1gos \u00c9rdekv\u00e9delmi Sz\u00f6vets\u00e9ge (R\u00c9SZ), a meg\u00e1llap\u00edt\u00e1s az eln\u00f6ki besz\u00e1mol\u00f3ban hangzott el.<br \/>\nA R\u00c9SZ a Magyar Cig\u00e1nyok Demokrata P\u00e1rtja ut\u00f3dszervezetek\u00e9nt tavaly okt\u00f3berben alakult meg. A k\u00f6zhaszn\u00fa szerevezet a t\u00e1rsadalmilag \u00e9s anyagilag h\u00e1tr\u00e1nyos helyzet\u0171 emberek \u00e9s csal\u00e1dok \u00e9letmin\u0151s\u00e9g\u00e9nek \u00e9s emberi m\u00e9lt\u00f3s\u00e1g\u00e1nak v\u00e9delm\u00e9t t\u0171zte ki c\u00e9lul. \u00c9ppen ez\u00e9rt r\u00e9szt k\u00edv\u00e1n venni a lakoss\u00e1g \u00e9let\u00e9t befoly\u00e1sol\u00f3 t\u00f6rv\u00e9nyek el\u0151k\u00e9sz\u00edt\u00e9s\u00e9ben, v\u00e9lem\u00e9nyez\u00e9s\u00e9ben, egyben el k\u00edv\u00e1nja \u00e9rni, hogy a mindenkori l\u00e9tminimum \u00f6sszege val\u00f3ban az emberhez m\u00e9lt\u00f3 \u00e9letvitelt tegyen lehet\u0151v\u00e9. Az orsz\u00e1gos k\u00fcld\u00f6ttgy\u0171l\u00e9sen arr\u00f3l is d\u00f6nt\u00f6ttek, hogy az eln\u00f6ks\u00e9g l\u00e9tsz\u00e1m\u00e1t eddigi 5-r\u0151l 9 f\u0151re b\u0151v\u00edtik. Ennek oka, hogy a sz\u00f6vets\u00e9g szeretn\u00e9 tagszervezeteinek sz\u00e1m\u00e1t emelni, hiszen eddig csak n\u00e9gy megy\u00e9ben \u00e9s a f\u0151v\u00e1rosban m\u0171k\u00f6dnek \u00e9s a c\u00e9l az, hogy minden megy\u00e9ben megalakuljon a R\u00c9SZ helyi szervezete.<\/p>\n","protected":false},"excerpt":{"rendered":"<p>Szolnokon tartotta orsz\u00e1gos k\u00fcld\u00f6ttgy\u0171l\u00e9s\u00e9t a megyesz\u00e9khelyen bejegyzett R\u00e1szorul\u00f3k Orsz\u00e1gos \u00c9rdekv\u00e9delmi Sz\u00f6vets\u00e9ge (R\u00c9SZ), a meg\u00e1llap\u00edt\u00e1s az eln\u00f6ki besz\u00e1mol\u00f3ban hangzott el. A R\u00c9SZ a Magyar Cig\u00e1nyok Demokrata P\u00e1rtja ut\u00f3dszervezetek\u00e9nt tavaly okt\u00f3berben alakult meg. A k\u00f6zhaszn\u00fa szerevezet a t\u00e1rsadalmilag \u00e9s anyagilag h\u00e1tr\u00e1nyos helyzet\u0171 emberek \u00e9s csal\u00e1dok \u00e9letmin\u0151s\u00e9g\u00e9nek \u00e9s emberi m\u00e9lt\u00f3s\u00e1g\u00e1nak v\u00e9delm\u00e9t t\u0171zte ki c\u00e9lul. \u00c9ppen ez\u00e9rt r\u00e9szt k\u00edv\u00e1n [&hellip;]<\/p>\n","protected":false},"author":2,"featured_media":0,"comment_status":"open","ping_status":"open","sticky":false,"template":"","format":"standard","meta":[],"categories":[24],"tags":[],"_links":{"self":[{"href":"http:\/\/archiv.szolnoktv.hu\/index.php?rest_route=\/wp\/v2\/posts\/30897"}],"collection":[{"href":"http:\/\/archiv.szolnoktv.hu\/index.php?rest_route=\/wp\/v2\/posts"}],"about":[{"href":"http:\/\/archiv.szolnoktv.hu\/index.php?rest_route=\/wp\/v2\/types\/post"}],"author":[{"embeddable":true,"href":"http:\/\/archiv.szolnoktv.hu\/index.php?rest_route=\/wp\/v2\/users\/2"}],"replies":[{"embeddable":true,"href":"http:\/\/archiv.szolnoktv.hu\/index.php?rest_route=%2Fwp%2Fv2%2Fcomments&post=30897"}],"version-history":[{"count":1,"href":"http:\/\/archiv.szolnoktv.hu\/index.php?rest_route=\/wp\/v2\/posts\/30897\/revisions"}],"predecessor-version":[{"id":31016,"href":"http:\/\/archiv.szolnoktv.hu\/index.php?rest_route=\/wp\/v2\/posts\/30897\/revisions\/31016"}],"wp:attachment":[{"href":"http:\/\/archiv.szolnoktv.hu\/index.php?rest_route=%2Fwp%2Fv2%2Fmedia&parent=30897"}],"wp:term":[{"taxonomy":"category","embeddable":true,"href":"http:\/\/archiv.szolnoktv.hu\/index.php?rest_route=%2Fwp%2Fv2%2Fcategories&post=30897"},{"taxonomy":"post_tag","embeddable":true,"href":"http:\/\/archiv.szolnoktv.hu\/index.php?rest_route=%2Fwp%2Fv2%2Ftags&post=30897"}],"curies":[{"name":"wp","href":"https:\/\/api.w.org\/{rel}","templated":true}]}}