{"id":30896,"date":"2008-03-26T19:45:27","date_gmt":"2008-03-26T19:45:27","guid":{"rendered":"http:\/\/archiv.szolnoktv.hu\/?p=30896"},"modified":"2021-11-17T13:27:34","modified_gmt":"2021-11-17T13:27:34","slug":"okumenikus-hetvege-szolnokon","status":"publish","type":"post","link":"http:\/\/archiv.szolnoktv.hu\/?p=30896","title":{"rendered":"\u00d6kumenikus h\u00e9tv\u00e9ge Szolnokon"},"content":{"rendered":"<div class='booster-block booster-read-block'><\/div><p>Vall\u00e1sos t\u00e9m\u00e1j\u00fa sz\u00edndarabok, mozifilmek, besz\u00e9lget\u00e9sek \u00e9s k\u00e9zm\u0171ves foglalkoz\u00e1sok &#8211; ez a palett\u00e1ja az \u00e1prilis 18-a \u00e9s 20-a k\u00f6z\u00f6tti \u00d6kumenikus H\u00e9tv\u00e9g\u00e9nek. Az \u00f6tlet a Szigligeti Sz\u00ednh\u00e1z igazgat\u00f3j\u00e1t\u00f3l, Bal\u00e1zs P\u00e9tert\u0151l sz\u00e1rmazik, aki megv\u00e1laszt\u00e1sa ut\u00e1n egy besz\u00e9lget\u00e9sre h\u00edvta a szolnoki egyh\u00e1zak vezet\u0151it, s ekkor m\u00e1r k\u00f6rvonalaz\u00f3dott a k\u00f6z\u00f6s program terve. A sz\u00ednh\u00e1z kezdem\u00e9nyez\u00e9s\u00e9hez csatlakozott a Tisza Mozi \u00e9s az Aba-Nov\u00e1k Kultur\u00e1lis K\u00f6zpont is. A sz\u00ednh\u00e1zban t\u00f6bbek k\u00f6z\u00f6tt Klezmer Band koncerttel, Pozsgai Zsolt Mindszenty J\u00f3zsef hercegpr\u00edm\u00e1s \u00e9let\u00e9r\u0151l sz\u00f3l\u00f3 dr\u00e1mai j\u00e1t\u00e9k\u00e1val, \u00e9s a New York-i p\u00e1parabl\u00e1s c\u00edm\u0171 v\u00edgj\u00e1t\u00e9kkal v\u00e1rj\u00e1k a n\u00e9z\u0151ket, a Tisza Mozi pedig M\u00e1ria Magdolna \u00e9s Luther M\u00e1rton \u00e9let\u00e9r\u0151l sz\u00f3l\u00f3 filmekkel k\u00e9sz\u00fcl. A sz\u00edndarabok \u00e9s a filmek mellett az Aba-Nov\u00e1k Kultur\u00e1lis K\u00f6zpont &#8222;K\u00e9sz\u00edts\u00fcnk Bibli\u00e1t, \u00e9p\u00edts\u00fcnk keresztet!&#8221; c\u00edmmel kerat\u00edv csal\u00e1di programot szervez, valamint ugyanitt Proh\u00e1szka Antal fest\u0151m\u0171v\u00e9sz &#8222;Bibliai t\u00e9m\u00e1k a h\u00fasv\u00e9t f\u00e9ny\u00e9ben&#8221; c\u00edm\u0171 ki\u00e1ll\u00edt\u00e1s\u00e1t is l\u00e1thatj\u00e1k az \u00e9rdekl\u0151d\u0151k. A szervez\u0151k rem\u00e9lik, hogy a rendezv\u00e9nnyel hagyom\u00e1nyt tudnak teremteni, \u00e9s j\u00f6v\u0151re m\u00e9g t\u00f6bb szervezet csatlakozik a programhoz.<\/p>\n","protected":false},"excerpt":{"rendered":"<p>Vall\u00e1sos t\u00e9m\u00e1j\u00fa sz\u00edndarabok, mozifilmek, besz\u00e9lget\u00e9sek \u00e9s k\u00e9zm\u0171ves foglalkoz\u00e1sok &#8211; ez a palett\u00e1ja az \u00e1prilis 18-a \u00e9s 20-a k\u00f6z\u00f6tti \u00d6kumenikus H\u00e9tv\u00e9g\u00e9nek. Az \u00f6tlet a Szigligeti Sz\u00ednh\u00e1z igazgat\u00f3j\u00e1t\u00f3l, Bal\u00e1zs P\u00e9tert\u0151l sz\u00e1rmazik, aki megv\u00e1laszt\u00e1sa ut\u00e1n egy besz\u00e9lget\u00e9sre h\u00edvta a szolnoki egyh\u00e1zak vezet\u0151it, s ekkor m\u00e1r k\u00f6rvonalaz\u00f3dott a k\u00f6z\u00f6s program terve. A sz\u00ednh\u00e1z kezdem\u00e9nyez\u00e9s\u00e9hez csatlakozott a Tisza Mozi \u00e9s [&hellip;]<\/p>\n","protected":false},"author":2,"featured_media":0,"comment_status":"open","ping_status":"open","sticky":false,"template":"","format":"standard","meta":[],"categories":[24],"tags":[],"_links":{"self":[{"href":"http:\/\/archiv.szolnoktv.hu\/index.php?rest_route=\/wp\/v2\/posts\/30896"}],"collection":[{"href":"http:\/\/archiv.szolnoktv.hu\/index.php?rest_route=\/wp\/v2\/posts"}],"about":[{"href":"http:\/\/archiv.szolnoktv.hu\/index.php?rest_route=\/wp\/v2\/types\/post"}],"author":[{"embeddable":true,"href":"http:\/\/archiv.szolnoktv.hu\/index.php?rest_route=\/wp\/v2\/users\/2"}],"replies":[{"embeddable":true,"href":"http:\/\/archiv.szolnoktv.hu\/index.php?rest_route=%2Fwp%2Fv2%2Fcomments&post=30896"}],"version-history":[{"count":1,"href":"http:\/\/archiv.szolnoktv.hu\/index.php?rest_route=\/wp\/v2\/posts\/30896\/revisions"}],"predecessor-version":[{"id":31017,"href":"http:\/\/archiv.szolnoktv.hu\/index.php?rest_route=\/wp\/v2\/posts\/30896\/revisions\/31017"}],"wp:attachment":[{"href":"http:\/\/archiv.szolnoktv.hu\/index.php?rest_route=%2Fwp%2Fv2%2Fmedia&parent=30896"}],"wp:term":[{"taxonomy":"category","embeddable":true,"href":"http:\/\/archiv.szolnoktv.hu\/index.php?rest_route=%2Fwp%2Fv2%2Fcategories&post=30896"},{"taxonomy":"post_tag","embeddable":true,"href":"http:\/\/archiv.szolnoktv.hu\/index.php?rest_route=%2Fwp%2Fv2%2Ftags&post=30896"}],"curies":[{"name":"wp","href":"https:\/\/api.w.org\/{rel}","templated":true}]}}