{"id":30895,"date":"2008-03-26T19:43:41","date_gmt":"2008-03-26T19:43:41","guid":{"rendered":"http:\/\/archiv.szolnoktv.hu\/?p=30895"},"modified":"2021-11-17T13:27:35","modified_gmt":"2021-11-17T13:27:35","slug":"internet-fieszta-a-megyei-konyvtarban","status":"publish","type":"post","link":"http:\/\/archiv.szolnoktv.hu\/?p=30895","title":{"rendered":"Internet Fieszta a megyei k\u00f6nyvt\u00e1rban"},"content":{"rendered":"<div class='booster-block booster-read-block'><\/div><p>A Verseghy Ferenc Megyei K\u00f6nyvt\u00e1r id\u00e9n is csatlakozott az internet- kult\u00far\u00e1t n\u00e9pszer\u0171s\u00edt\u0151 orsz\u00e1gos programsorozathoz. Az idei Internet Fieszta jelmondata: ne csak l\u00f3gj a neten! Pedag\u00f3gusok, informatikusok besz\u00e9lgetnek a gyerekekre a vil\u00e1gh\u00e1l\u00f3n leselked\u0151 vesz\u00e9lyekr\u0151l, nem k\u00edv\u00e1nt tartalmakr\u00f3l, a szem\u00e9lyis\u00e9gfejl\u0151d\u00e9sre k\u00e1ros honlapokr\u00f3l. A m\u00e1rcius harmincegyedik\u00e9ig tart\u00f3 sorozat minden napra tartogat \u00e9rdekess\u00e9geket. A programok r\u00e9szletei a k\u00f6nyvt\u00e1r sz\u00f3r\u00f3lapjain \u00e9s a www.vfmk.hu oldalon megtal\u00e1lhat\u00f3k.<\/p>\n","protected":false},"excerpt":{"rendered":"<p>A Verseghy Ferenc Megyei K\u00f6nyvt\u00e1r id\u00e9n is csatlakozott az internet- kult\u00far\u00e1t n\u00e9pszer\u0171s\u00edt\u0151 orsz\u00e1gos programsorozathoz. Az idei Internet Fieszta jelmondata: ne csak l\u00f3gj a neten! Pedag\u00f3gusok, informatikusok besz\u00e9lgetnek a gyerekekre a vil\u00e1gh\u00e1l\u00f3n leselked\u0151 vesz\u00e9lyekr\u0151l, nem k\u00edv\u00e1nt tartalmakr\u00f3l, a szem\u00e9lyis\u00e9gfejl\u0151d\u00e9sre k\u00e1ros honlapokr\u00f3l. A m\u00e1rcius harmincegyedik\u00e9ig tart\u00f3 sorozat minden napra tartogat \u00e9rdekess\u00e9geket. A programok r\u00e9szletei a k\u00f6nyvt\u00e1r sz\u00f3r\u00f3lapjain [&hellip;]<\/p>\n","protected":false},"author":2,"featured_media":0,"comment_status":"open","ping_status":"open","sticky":false,"template":"","format":"standard","meta":[],"categories":[24],"tags":[],"_links":{"self":[{"href":"http:\/\/archiv.szolnoktv.hu\/index.php?rest_route=\/wp\/v2\/posts\/30895"}],"collection":[{"href":"http:\/\/archiv.szolnoktv.hu\/index.php?rest_route=\/wp\/v2\/posts"}],"about":[{"href":"http:\/\/archiv.szolnoktv.hu\/index.php?rest_route=\/wp\/v2\/types\/post"}],"author":[{"embeddable":true,"href":"http:\/\/archiv.szolnoktv.hu\/index.php?rest_route=\/wp\/v2\/users\/2"}],"replies":[{"embeddable":true,"href":"http:\/\/archiv.szolnoktv.hu\/index.php?rest_route=%2Fwp%2Fv2%2Fcomments&post=30895"}],"version-history":[{"count":1,"href":"http:\/\/archiv.szolnoktv.hu\/index.php?rest_route=\/wp\/v2\/posts\/30895\/revisions"}],"predecessor-version":[{"id":31018,"href":"http:\/\/archiv.szolnoktv.hu\/index.php?rest_route=\/wp\/v2\/posts\/30895\/revisions\/31018"}],"wp:attachment":[{"href":"http:\/\/archiv.szolnoktv.hu\/index.php?rest_route=%2Fwp%2Fv2%2Fmedia&parent=30895"}],"wp:term":[{"taxonomy":"category","embeddable":true,"href":"http:\/\/archiv.szolnoktv.hu\/index.php?rest_route=%2Fwp%2Fv2%2Fcategories&post=30895"},{"taxonomy":"post_tag","embeddable":true,"href":"http:\/\/archiv.szolnoktv.hu\/index.php?rest_route=%2Fwp%2Fv2%2Ftags&post=30895"}],"curies":[{"name":"wp","href":"https:\/\/api.w.org\/{rel}","templated":true}]}}