{"id":30894,"date":"2008-03-26T19:42:02","date_gmt":"2008-03-26T19:42:02","guid":{"rendered":"http:\/\/archiv.szolnoktv.hu\/?p=30894"},"modified":"2021-11-17T13:27:35","modified_gmt":"2021-11-17T13:27:35","slug":"megjelent-az-eso-3","status":"publish","type":"post","link":"http:\/\/archiv.szolnoktv.hu\/?p=30894","title":{"rendered":"Megjelent az ES\u00d5"},"content":{"rendered":"<div class='booster-block booster-read-block'><\/div><p>27 \u00edr\u00f3-k\u00f6lt\u0151 gondolatai szerepelnek a helyi irodalmi lap tavaszi sz\u00e1m\u00e1ban. A szolnokiak megszokhatt\u00e1k m\u00e1r, hogy a <br \/>4 ES\u0151 esik \u00e9vente. Ezek egy r\u00e9sze tematikus. Az ut\u00f3bbi id\u0151ben azonban annyi \u00e9rt\u00e9kes \u00edr\u00e1s maradt ki a tematikus lapokb\u00f3l, hogy erre a tavaszra megt\u00f6lt\u00f6tt egy teljes sz\u00e1mot. Ezeket az \u00edr\u00e1sokat olvashatj\u00e1k a most megjelent ES\u00d5-ben. Tal\u00e1lkozhatnak eddig ismeretlen, fiatal tehets\u00e9gekkel is. L\u00e1z\u00e1r Bence Andr\u00e1s p\u00e9ld\u00e1ul egy szegedi gimnazista fi\u00fa, aki a s\u00e1rv\u00e1ri di\u00e1kk\u00f6lt\u0151k tal\u00e1lkoz\u00f3j\u00e1n azonnal az arayn\u00e9rmet hozta el. A Kunhegyesi Karap Zolt\u00e1n szint\u00e9n els\u0151 m\u0171ves \u00edr\u00f3. Tetov\u00e1lt eml\u00e9kezet c\u00edm\u0171 \u00edr\u00e1sa egy mai fiatal szerelmi k\u00e9ptelens\u00e9geit mutatja meg az olvas\u00f3nak. De olvashat\u00f3 a lapban  Jurkovics J\u00e1nos, telev\u00edzi\u00f3s \u00edr\u00e1sa is. <br \/>Az ES\u00d5 legfiatalabb szerz\u0151je 18, legid\u0151sebbje 70 eszetend\u0151s. A versek, novell\u00e1k kedvel\u0151i-koroszt\u00e1lyt\u00f3l f\u00fcggetlen\u00fcl &#8211; b\u0151ven tal\u00e1lnak olvasnival\u00f3t az irodalmi lapban. A  di\u00e1koknak  pedig egyenesen k\u00f6telez\u0151 forgatni, hiszen id\u00e9n is t\u00f6bb szolnoki iskol\u00e1ban lesz \u00e9retts\u00e9gi t\u00e9tel az ES\u00d5.<\/p>\n","protected":false},"excerpt":{"rendered":"<p>27 \u00edr\u00f3-k\u00f6lt\u0151 gondolatai szerepelnek a helyi irodalmi lap tavaszi sz\u00e1m\u00e1ban. A szolnokiak megszokhatt\u00e1k m\u00e1r, hogy a 4 ES\u0151 esik \u00e9vente. Ezek egy r\u00e9sze tematikus. Az ut\u00f3bbi id\u0151ben azonban annyi \u00e9rt\u00e9kes \u00edr\u00e1s maradt ki a tematikus lapokb\u00f3l, hogy erre a tavaszra megt\u00f6lt\u00f6tt egy teljes sz\u00e1mot. Ezeket az \u00edr\u00e1sokat olvashatj\u00e1k a most megjelent ES\u00d5-ben. Tal\u00e1lkozhatnak eddig ismeretlen, [&hellip;]<\/p>\n","protected":false},"author":2,"featured_media":0,"comment_status":"open","ping_status":"open","sticky":false,"template":"","format":"standard","meta":[],"categories":[24],"tags":[],"_links":{"self":[{"href":"http:\/\/archiv.szolnoktv.hu\/index.php?rest_route=\/wp\/v2\/posts\/30894"}],"collection":[{"href":"http:\/\/archiv.szolnoktv.hu\/index.php?rest_route=\/wp\/v2\/posts"}],"about":[{"href":"http:\/\/archiv.szolnoktv.hu\/index.php?rest_route=\/wp\/v2\/types\/post"}],"author":[{"embeddable":true,"href":"http:\/\/archiv.szolnoktv.hu\/index.php?rest_route=\/wp\/v2\/users\/2"}],"replies":[{"embeddable":true,"href":"http:\/\/archiv.szolnoktv.hu\/index.php?rest_route=%2Fwp%2Fv2%2Fcomments&post=30894"}],"version-history":[{"count":1,"href":"http:\/\/archiv.szolnoktv.hu\/index.php?rest_route=\/wp\/v2\/posts\/30894\/revisions"}],"predecessor-version":[{"id":31019,"href":"http:\/\/archiv.szolnoktv.hu\/index.php?rest_route=\/wp\/v2\/posts\/30894\/revisions\/31019"}],"wp:attachment":[{"href":"http:\/\/archiv.szolnoktv.hu\/index.php?rest_route=%2Fwp%2Fv2%2Fmedia&parent=30894"}],"wp:term":[{"taxonomy":"category","embeddable":true,"href":"http:\/\/archiv.szolnoktv.hu\/index.php?rest_route=%2Fwp%2Fv2%2Fcategories&post=30894"},{"taxonomy":"post_tag","embeddable":true,"href":"http:\/\/archiv.szolnoktv.hu\/index.php?rest_route=%2Fwp%2Fv2%2Ftags&post=30894"}],"curies":[{"name":"wp","href":"https:\/\/api.w.org\/{rel}","templated":true}]}}