{"id":30890,"date":"2008-03-21T18:32:04","date_gmt":"2008-03-21T18:32:04","guid":{"rendered":"http:\/\/archiv.szolnoktv.hu\/?p=30890"},"modified":"2021-11-17T13:27:35","modified_gmt":"2021-11-17T13:27:35","slug":"a-turizmus-fejlodeseert","status":"publish","type":"post","link":"http:\/\/archiv.szolnoktv.hu\/?p=30890","title":{"rendered":"A turizmus fejl\u0151d\u00e9s\u00e9\u00e9rt"},"content":{"rendered":"<div class='booster-block booster-read-block'><\/div><p>\u00d6sszefognak a megyei \u00f6nkom\u00e1nyzatok, az idegenforgalmi szervezetek, valamint az ilyen \u00e9rdekelts\u00e9g\u0171 v\u00e1llalkoz\u00f3k, hogy megy\u00e9nk turizmus\u00e1t fellend\u00edts\u00e9k. J\u00e1sz-Nagykun-Szolnok megye nem tartozik a turist\u00e1k \u00e1ltal legkedveltebb helyek k\u00f6z\u00e9. 2006-ban mind\u00f6ssze 490 ezer vend\u00e9g\u00e9jszak\u00e1t t\u00f6lt\u00f6ttek el itt, m\u00e1shol ez a sz\u00e1m j\u00f3val magasabb. Ez\u00e9rt az \u00d6nkorm\u00e1nyzati \u00e9s Ter\u00fcletfejleszt\u00e9si Miniszt\u00e9rium \u00e1ltal ki\u00edrand\u00f3 p\u00e1ly\u00e1zati lehet\u0151s\u00e9geket mindenk\u00e9ppen meg kell ragadni, fogalmazott a megyei ter\u00fcletfejleszt\u00e9si iroda vezet\u0151je. Az \u00f6sszefog\u00e1s \u00e1ltal l\u00e9trej\u00f6v\u0151 egyes\u00fcletek p\u00e1ly\u00e1zhatnak az \u00e1taluk kidolgozott progamokra. Az elnyert \u00f6sszeget kiadv\u00e1nyok el\u0151\u00e1ll\u00edt\u00e1s\u00e1ra, konferenci\u00e1k szervez\u00e9s\u00e9re, valamint term\u00e9kfejeszt\u00e9sre is ford\u00edthatj\u00e1k. Az \u00c9szak-Alf\u00f6ldi R\u00e9gi\u00f3ban 2.7 milli\u00e1rd forintot osztanak sz\u00e9t a turizmus fejleszt\u00e9s\u00e9re.<\/p>\n","protected":false},"excerpt":{"rendered":"<p>\u00d6sszefognak a megyei \u00f6nkom\u00e1nyzatok, az idegenforgalmi szervezetek, valamint az ilyen \u00e9rdekelts\u00e9g\u0171 v\u00e1llalkoz\u00f3k, hogy megy\u00e9nk turizmus\u00e1t fellend\u00edts\u00e9k. J\u00e1sz-Nagykun-Szolnok megye nem tartozik a turist\u00e1k \u00e1ltal legkedveltebb helyek k\u00f6z\u00e9. 2006-ban mind\u00f6ssze 490 ezer vend\u00e9g\u00e9jszak\u00e1t t\u00f6lt\u00f6ttek el itt, m\u00e1shol ez a sz\u00e1m j\u00f3val magasabb. Ez\u00e9rt az \u00d6nkorm\u00e1nyzati \u00e9s Ter\u00fcletfejleszt\u00e9si Miniszt\u00e9rium \u00e1ltal ki\u00edrand\u00f3 p\u00e1ly\u00e1zati lehet\u0151s\u00e9geket mindenk\u00e9ppen meg kell ragadni, fogalmazott [&hellip;]<\/p>\n","protected":false},"author":2,"featured_media":0,"comment_status":"open","ping_status":"open","sticky":false,"template":"","format":"standard","meta":[],"categories":[24],"tags":[],"_links":{"self":[{"href":"http:\/\/archiv.szolnoktv.hu\/index.php?rest_route=\/wp\/v2\/posts\/30890"}],"collection":[{"href":"http:\/\/archiv.szolnoktv.hu\/index.php?rest_route=\/wp\/v2\/posts"}],"about":[{"href":"http:\/\/archiv.szolnoktv.hu\/index.php?rest_route=\/wp\/v2\/types\/post"}],"author":[{"embeddable":true,"href":"http:\/\/archiv.szolnoktv.hu\/index.php?rest_route=\/wp\/v2\/users\/2"}],"replies":[{"embeddable":true,"href":"http:\/\/archiv.szolnoktv.hu\/index.php?rest_route=%2Fwp%2Fv2%2Fcomments&post=30890"}],"version-history":[{"count":1,"href":"http:\/\/archiv.szolnoktv.hu\/index.php?rest_route=\/wp\/v2\/posts\/30890\/revisions"}],"predecessor-version":[{"id":31023,"href":"http:\/\/archiv.szolnoktv.hu\/index.php?rest_route=\/wp\/v2\/posts\/30890\/revisions\/31023"}],"wp:attachment":[{"href":"http:\/\/archiv.szolnoktv.hu\/index.php?rest_route=%2Fwp%2Fv2%2Fmedia&parent=30890"}],"wp:term":[{"taxonomy":"category","embeddable":true,"href":"http:\/\/archiv.szolnoktv.hu\/index.php?rest_route=%2Fwp%2Fv2%2Fcategories&post=30890"},{"taxonomy":"post_tag","embeddable":true,"href":"http:\/\/archiv.szolnoktv.hu\/index.php?rest_route=%2Fwp%2Fv2%2Ftags&post=30890"}],"curies":[{"name":"wp","href":"https:\/\/api.w.org\/{rel}","templated":true}]}}