{"id":30888,"date":"2008-03-21T18:31:11","date_gmt":"2008-03-21T18:31:11","guid":{"rendered":"http:\/\/archiv.szolnoktv.hu\/?p=30888"},"modified":"2021-11-17T13:27:35","modified_gmt":"2021-11-17T13:27:35","slug":"rakocziujfalui-polgarmestervalasztas","status":"publish","type":"post","link":"http:\/\/archiv.szolnoktv.hu\/?p=30888","title":{"rendered":"R\u00e1k\u00f3czi\u00fajfalui polg\u00e1rmesterv\u00e1laszt\u00e1s"},"content":{"rendered":"<div class='booster-block booster-read-block'><\/div><p>\u00dajabb id\u0151k\u00f6zi polg\u00e1rmester-v\u00e1laszt\u00e1s J\u00e1sz-Nagykun-Szolnok megy\u00e9ben. \u00d6ten p\u00e1ly\u00e1znak a polg\u00e1rmesteri sz\u00e9kre R\u00e1k\u00f3czi\u00fajfaluban. Bek\u00e9n\u00e9 Patvaros M\u00e1ria az MSZP, Bencsik Mih\u00e1ly a Magyar Kommunista Munk\u00e1sp\u00e1rt, Papp J\u00e1nos J\u00f3zsef az SZDSZ sz\u00edneiben m\u00e9reti meg mag\u00e1t. Mellett\u00fck k\u00e9t f\u00fcggetlen jel\u00f6lt, Bodor Zolt\u00e1n \u00e9s Koll\u00e1r J\u00e1nos is indul az id\u0151k\u00f6zi polg\u00e1rmester-v\u00e1laszt\u00e1son. A telep\u00fcl\u00e9s eddigi els\u0151 embere Kecsk\u00e9s J\u00e1nos eg\u00e9szs\u00e9gi \u00e1llapot\u00e1ra hivatkozva ny\u00fajtotta be lemond\u00e1s\u00e1t m\u00e9g tavaly novemberben. A m\u00e1rcius harmincadikai v\u00e1laszt\u00e1son d\u0151l el az \u00f6t jel\u00f6lt k\u00f6z\u00fcl ki lesz R\u00e1k\u00f3czi\u00fajfalu polg\u00e1rmestere.<\/p>\n","protected":false},"excerpt":{"rendered":"<p>\u00dajabb id\u0151k\u00f6zi polg\u00e1rmester-v\u00e1laszt\u00e1s J\u00e1sz-Nagykun-Szolnok megy\u00e9ben. \u00d6ten p\u00e1ly\u00e1znak a polg\u00e1rmesteri sz\u00e9kre R\u00e1k\u00f3czi\u00fajfaluban. Bek\u00e9n\u00e9 Patvaros M\u00e1ria az MSZP, Bencsik Mih\u00e1ly a Magyar Kommunista Munk\u00e1sp\u00e1rt, Papp J\u00e1nos J\u00f3zsef az SZDSZ sz\u00edneiben m\u00e9reti meg mag\u00e1t. Mellett\u00fck k\u00e9t f\u00fcggetlen jel\u00f6lt, Bodor Zolt\u00e1n \u00e9s Koll\u00e1r J\u00e1nos is indul az id\u0151k\u00f6zi polg\u00e1rmester-v\u00e1laszt\u00e1son. A telep\u00fcl\u00e9s eddigi els\u0151 embere Kecsk\u00e9s J\u00e1nos eg\u00e9szs\u00e9gi \u00e1llapot\u00e1ra hivatkozva [&hellip;]<\/p>\n","protected":false},"author":2,"featured_media":0,"comment_status":"open","ping_status":"open","sticky":false,"template":"","format":"standard","meta":[],"categories":[24],"tags":[],"_links":{"self":[{"href":"http:\/\/archiv.szolnoktv.hu\/index.php?rest_route=\/wp\/v2\/posts\/30888"}],"collection":[{"href":"http:\/\/archiv.szolnoktv.hu\/index.php?rest_route=\/wp\/v2\/posts"}],"about":[{"href":"http:\/\/archiv.szolnoktv.hu\/index.php?rest_route=\/wp\/v2\/types\/post"}],"author":[{"embeddable":true,"href":"http:\/\/archiv.szolnoktv.hu\/index.php?rest_route=\/wp\/v2\/users\/2"}],"replies":[{"embeddable":true,"href":"http:\/\/archiv.szolnoktv.hu\/index.php?rest_route=%2Fwp%2Fv2%2Fcomments&post=30888"}],"version-history":[{"count":1,"href":"http:\/\/archiv.szolnoktv.hu\/index.php?rest_route=\/wp\/v2\/posts\/30888\/revisions"}],"predecessor-version":[{"id":31025,"href":"http:\/\/archiv.szolnoktv.hu\/index.php?rest_route=\/wp\/v2\/posts\/30888\/revisions\/31025"}],"wp:attachment":[{"href":"http:\/\/archiv.szolnoktv.hu\/index.php?rest_route=%2Fwp%2Fv2%2Fmedia&parent=30888"}],"wp:term":[{"taxonomy":"category","embeddable":true,"href":"http:\/\/archiv.szolnoktv.hu\/index.php?rest_route=%2Fwp%2Fv2%2Fcategories&post=30888"},{"taxonomy":"post_tag","embeddable":true,"href":"http:\/\/archiv.szolnoktv.hu\/index.php?rest_route=%2Fwp%2Fv2%2Ftags&post=30888"}],"curies":[{"name":"wp","href":"https:\/\/api.w.org\/{rel}","templated":true}]}}