{"id":30887,"date":"2008-03-21T18:30:39","date_gmt":"2008-03-21T18:30:39","guid":{"rendered":"http:\/\/archiv.szolnoktv.hu\/?p=30887"},"modified":"2021-11-17T13:27:35","modified_gmt":"2021-11-17T13:27:35","slug":"kituntetett-tamfal","status":"publish","type":"post","link":"http:\/\/archiv.szolnoktv.hu\/?p=30887","title":{"rendered":"Kit\u00fcntetett t\u00e1mfal"},"content":{"rendered":"<div class='booster-block booster-read-block'><\/div><p>Lampl Hug\u00f3-d\u00edjat kapott a Gutenberg t\u00e9rn\u00e9l 2006-ban meg\u00e9p\u00fclt, az egykori v\u00e1rfalra eml\u00e9keztet\u0151 v\u00e9dvonal. A munk\u00e1latok 450 milli\u00f3 forintba ker\u00fcltek \u00e9s mind\u00f6ssze 4 h\u00f3nap alatt k\u00e9sz\u00fclt el a beruh\u00e1z\u00e1s.<br \/>\nLampl Hug\u00f3 v\u00edz\u00e9p\u00edt\u0151 m\u00e9rn\u00f6k, a magyar v\u00edz\u00fcgyi szolg\u00e1lat kiemelked\u0151 egy\u00e9nis\u00e9ge volt. Fontos szerepet j\u00e1tszott a Tisza-v\u00f6lgyi \u00f6nt\u00f6z\u00e9si munk\u00e1latok ir\u00e1ny\u00edt\u00e1s\u00e1ban, a hazai m\u0171t\u00e1rgy\u00e9p\u00edt\u00e9sek egyik leghivatottabb szak\u00e9rt\u0151jek\u00e9nt tartott\u00e1k sz\u00e1mon. R\u00f3la nevezt\u00e9k el azt a d\u00edjat, amellyel orsz\u00e1gosan \u00e9vente egy olyan v\u00edz\u00e9p\u00edt\u00e9si l\u00e9tes\u00edtm\u00e9ny jutalmazhat\u00f3, amely tervez\u00e9si, technol\u00f3giai, kivitelez\u00e9si szempontb\u00f3l egyar\u00e1nt kimagasl\u00f3, \u00e9s az emberi k\u00f6rnyezet alak\u00edt\u00e1sa szempontj\u00e1b\u00f3l is el\u0151ny\u00f6s. A le\u00edr\u00e1s t\u00f6k\u00e9letes r\u00e1illik a 2006 \u0151sz\u00e9n \u00e1t\u00e9p\u00edtett, meger\u0151s\u00edtett \u00e9s a tavalyi v\u00edz vil\u00e1gnapj\u00e1n \u00e1tadott Gutenberg t\u00e9ri t\u00e1mfalra. A l\u00e9tes\u00edtm\u00e9ny l\u00e9trehoz\u00e1s\u00e1ban meghat\u00e1roz\u00f3 k\u00f6zrem\u0171k\u00f6d\u00e9s\u00e9\u00e9rt eml\u00e9kplakettet \u00e9s d\u00edszoklevelet vehetett \u00e1t Dr. Kertai Istv\u00e1n, a VIZITERV Consult Kft. nyugalmazott m\u0171szaki igazgat\u00f3ja, Ivask\u00f3 Lajos, a K\u00f6z\u00e9p-Tisza Vid\u00e9ki K\u00f6rnyezetv\u00e9delmi \u00e9s V\u00edz\u00fcgyi Igazgat\u00f3s\u00e1g nyugalmazott oszt\u00e1lyvezet\u0151je \u00e9s Vezse J\u00f3zsef, a Metr\u00f3\u00e9pszolg Zrt. projektvezet\u0151je.<\/p>\n","protected":false},"excerpt":{"rendered":"<p>Lampl Hug\u00f3-d\u00edjat kapott a Gutenberg t\u00e9rn\u00e9l 2006-ban meg\u00e9p\u00fclt, az egykori v\u00e1rfalra eml\u00e9keztet\u0151 v\u00e9dvonal. A munk\u00e1latok 450 milli\u00f3 forintba ker\u00fcltek \u00e9s mind\u00f6ssze 4 h\u00f3nap alatt k\u00e9sz\u00fclt el a beruh\u00e1z\u00e1s. Lampl Hug\u00f3 v\u00edz\u00e9p\u00edt\u0151 m\u00e9rn\u00f6k, a magyar v\u00edz\u00fcgyi szolg\u00e1lat kiemelked\u0151 egy\u00e9nis\u00e9ge volt. Fontos szerepet j\u00e1tszott a Tisza-v\u00f6lgyi \u00f6nt\u00f6z\u00e9si munk\u00e1latok ir\u00e1ny\u00edt\u00e1s\u00e1ban, a hazai m\u0171t\u00e1rgy\u00e9p\u00edt\u00e9sek egyik leghivatottabb szak\u00e9rt\u0151jek\u00e9nt tartott\u00e1k sz\u00e1mon. [&hellip;]<\/p>\n","protected":false},"author":2,"featured_media":0,"comment_status":"open","ping_status":"open","sticky":false,"template":"","format":"standard","meta":[],"categories":[24],"tags":[],"_links":{"self":[{"href":"http:\/\/archiv.szolnoktv.hu\/index.php?rest_route=\/wp\/v2\/posts\/30887"}],"collection":[{"href":"http:\/\/archiv.szolnoktv.hu\/index.php?rest_route=\/wp\/v2\/posts"}],"about":[{"href":"http:\/\/archiv.szolnoktv.hu\/index.php?rest_route=\/wp\/v2\/types\/post"}],"author":[{"embeddable":true,"href":"http:\/\/archiv.szolnoktv.hu\/index.php?rest_route=\/wp\/v2\/users\/2"}],"replies":[{"embeddable":true,"href":"http:\/\/archiv.szolnoktv.hu\/index.php?rest_route=%2Fwp%2Fv2%2Fcomments&post=30887"}],"version-history":[{"count":1,"href":"http:\/\/archiv.szolnoktv.hu\/index.php?rest_route=\/wp\/v2\/posts\/30887\/revisions"}],"predecessor-version":[{"id":31026,"href":"http:\/\/archiv.szolnoktv.hu\/index.php?rest_route=\/wp\/v2\/posts\/30887\/revisions\/31026"}],"wp:attachment":[{"href":"http:\/\/archiv.szolnoktv.hu\/index.php?rest_route=%2Fwp%2Fv2%2Fmedia&parent=30887"}],"wp:term":[{"taxonomy":"category","embeddable":true,"href":"http:\/\/archiv.szolnoktv.hu\/index.php?rest_route=%2Fwp%2Fv2%2Fcategories&post=30887"},{"taxonomy":"post_tag","embeddable":true,"href":"http:\/\/archiv.szolnoktv.hu\/index.php?rest_route=%2Fwp%2Fv2%2Ftags&post=30887"}],"curies":[{"name":"wp","href":"https:\/\/api.w.org\/{rel}","templated":true}]}}