{"id":30885,"date":"2008-03-21T18:29:36","date_gmt":"2008-03-21T18:29:36","guid":{"rendered":"http:\/\/archiv.szolnoktv.hu\/?p=30885"},"modified":"2021-11-17T13:27:35","modified_gmt":"2021-11-17T13:27:35","slug":"jeles-nap-marcius-21","status":"publish","type":"post","link":"http:\/\/archiv.szolnoktv.hu\/?p=30885","title":{"rendered":"Jeles nap m\u00e1rcius 21."},"content":{"rendered":"<div class='booster-block booster-read-block'><\/div><p>Id\u00e9n hatvannyolc \u00e9ves a sz\u00ednes telev\u00edzi\u00f3. 1940. szeptember 4-\u00e9n tov\u00e1bb\u00edtottak el\u0151sz\u00f6r elektronikus eszk\u00f6z\u00f6kkel sz\u00ednes telev\u00edzi\u00f3s k\u00e9pet az amerikai Columbia Broadcasting System t\u00e1rsas\u00e1g st\u00fadi\u00f3j\u00e1ban. Az els\u0151 sz\u00ednes telev\u00edzi\u00f3 ad\u00f3 ma \u00fcnnepli 39. magyarorsz\u00e1gi sz\u00fclet\u00e9snapj\u00e1t, haz\u00e1nkban 1969-ben l\u00e1thattak el\u0151sz\u00f6r sz\u00ednes ad\u00e1st a t\u00e9v\u00e9n\u00e9z\u0151k. \u00cdgy sokkal \u00e9lvezhet\u0151bb egy-egy olyan filmnek a megtekint\u00e9se mint mondjuk a James Bond, melynek szt\u00e1rja Timothy Dalton, 62 \u00e9vvel ezel\u0151tt \u00e9ppen m\u00e1rcius 21-\u00e9n sz\u00fcletett. 73 \u00e9vvel ezel\u0151tt Ir\u00e1n lett Perzsi\u00e1b\u00f3l, 45 \u00e9ve pedig v\u00e9gleg bez\u00e1rt\u00e1k a San Francisco-i \u00f6b\u00f6lben lev\u0151 elh\u00edres\u00fclt Alcatraz b\u00f6rt\u00f6nszigetet, ahol t\u00f6bbek k\u00f6zt maga Al Capone is raboskodott. Ma lenne 65 \u00e9ves Gyulai Istv\u00e1n \u00fajs\u00e1g\u00edr\u00f3, sportriporter, Nemzetk\u00f6zi Amat\u0151r Atl\u00e9tikai Sz\u00f6vets\u00e9g f\u0151titk\u00e1ra. Ma \u00fcnnepeln\u00e9 48. sz\u00fclet\u00e9snapj\u00e1t Ayrton Senna, a fiatalon elhunyt brazil Forma 1-es klasszis. Senna var\u00e1zslatos sikereit szint\u00e9n a 82 \u00e9vvel ezel\u0151tt &#8211; \u00e1m kiv\u00e9telesen nem m\u00e1rcius 21-\u00e9n &#8211; feltal\u00e1lt telev\u00edzi\u00f3 k\u00e9sz\u00fcl\u00e9k seg\u00edts\u00e9g\u00e9vel k\u00f6vethett\u00e9k nyomon az aut\u00f3versenyz\u00e9s szerelmesei. 48 \u00e9ve m\u00e1rcius 21-e a faji megk\u00fcl\u00f6nb\u00f6ztet\u00e9s elleni nemzetk\u00f6zi k\u00fczdelem napja, \u00e9s \u00e9ppen 17 \u00e9vvel kor\u00e1bban, 1943-ban ugyanezen a napon k\u00f6vettek el sikertelen mer\u00e9nyletet a t\u00f6meggyilkos Hitler ellen. Persze lehet, hogy ma 2008. m\u00e1rcius 21-\u00e9n is alkot valaki maradand\u00f3t, s\u0151t lehet hogy \u00e9ppen Szolnokon. Elk\u00e9pzelhet\u0151, hogy Nobel-d\u00edjas \u00edr\u00f3 sz\u00fcletik a megyesz\u00e9khelyen, vagy ak\u00e1r egy h\u00edres sz\u00edn\u00e9sz, aki magyar l\u00e9tt\u00e9re eg\u00e9sz az Oscar d\u00edjig vihetii. \u00c1m ha \u00edgy is van arr\u00f3l m\u00e1r egy j\u00f3val fejlettebb telev\u00edzi\u00f3 k\u00e9sz\u00fcl\u00e9k \u00e9s csatrona seg\u00edts\u00e9g\u00e9vel \u00e9rtes\u00fclhetnek, mondjuk \u00fagy 50 \u00e9v m\u00falva, \u00e9s az err\u0151l sz\u00f3l\u00f3 h\u00edreket pedig val\u00f3sz\u00edn\u0171leg egy beprogramozott robot k\u00f6zli majd \u00d6n\u00f6kkel<\/p>\n","protected":false},"excerpt":{"rendered":"<p>Id\u00e9n hatvannyolc \u00e9ves a sz\u00ednes telev\u00edzi\u00f3. 1940. szeptember 4-\u00e9n tov\u00e1bb\u00edtottak el\u0151sz\u00f6r elektronikus eszk\u00f6z\u00f6kkel sz\u00ednes telev\u00edzi\u00f3s k\u00e9pet az amerikai Columbia Broadcasting System t\u00e1rsas\u00e1g st\u00fadi\u00f3j\u00e1ban. Az els\u0151 sz\u00ednes telev\u00edzi\u00f3 ad\u00f3 ma \u00fcnnepli 39. magyarorsz\u00e1gi sz\u00fclet\u00e9snapj\u00e1t, haz\u00e1nkban 1969-ben l\u00e1thattak el\u0151sz\u00f6r sz\u00ednes ad\u00e1st a t\u00e9v\u00e9n\u00e9z\u0151k. \u00cdgy sokkal \u00e9lvezhet\u0151bb egy-egy olyan filmnek a megtekint\u00e9se mint mondjuk a James Bond, melynek [&hellip;]<\/p>\n","protected":false},"author":2,"featured_media":0,"comment_status":"open","ping_status":"open","sticky":false,"template":"","format":"standard","meta":[],"categories":[24],"tags":[],"_links":{"self":[{"href":"http:\/\/archiv.szolnoktv.hu\/index.php?rest_route=\/wp\/v2\/posts\/30885"}],"collection":[{"href":"http:\/\/archiv.szolnoktv.hu\/index.php?rest_route=\/wp\/v2\/posts"}],"about":[{"href":"http:\/\/archiv.szolnoktv.hu\/index.php?rest_route=\/wp\/v2\/types\/post"}],"author":[{"embeddable":true,"href":"http:\/\/archiv.szolnoktv.hu\/index.php?rest_route=\/wp\/v2\/users\/2"}],"replies":[{"embeddable":true,"href":"http:\/\/archiv.szolnoktv.hu\/index.php?rest_route=%2Fwp%2Fv2%2Fcomments&post=30885"}],"version-history":[{"count":1,"href":"http:\/\/archiv.szolnoktv.hu\/index.php?rest_route=\/wp\/v2\/posts\/30885\/revisions"}],"predecessor-version":[{"id":31028,"href":"http:\/\/archiv.szolnoktv.hu\/index.php?rest_route=\/wp\/v2\/posts\/30885\/revisions\/31028"}],"wp:attachment":[{"href":"http:\/\/archiv.szolnoktv.hu\/index.php?rest_route=%2Fwp%2Fv2%2Fmedia&parent=30885"}],"wp:term":[{"taxonomy":"category","embeddable":true,"href":"http:\/\/archiv.szolnoktv.hu\/index.php?rest_route=%2Fwp%2Fv2%2Fcategories&post=30885"},{"taxonomy":"post_tag","embeddable":true,"href":"http:\/\/archiv.szolnoktv.hu\/index.php?rest_route=%2Fwp%2Fv2%2Ftags&post=30885"}],"curies":[{"name":"wp","href":"https:\/\/api.w.org\/{rel}","templated":true}]}}