{"id":30882,"date":"2008-03-21T18:26:25","date_gmt":"2008-03-21T18:26:25","guid":{"rendered":"http:\/\/archiv.szolnoktv.hu\/?p=30882"},"modified":"2021-11-17T13:27:36","modified_gmt":"2021-11-17T13:27:36","slug":"hazatert-a-misszio-2","status":"publish","type":"post","link":"http:\/\/archiv.szolnoktv.hu\/?p=30882","title":{"rendered":"Hazat\u00e9rt a misszi\u00f3"},"content":{"rendered":"<div class='booster-block booster-read-block'><\/div><p>P\u00e9ntek d\u00e9lut\u00e1n Vadai \u00c1gnes, a Honv\u00e9delmi Miniszt\u00e9rium \u00e1llamtitk\u00e1ra fogadta a hath\u00f3napos afganiszt\u00e1ni misszi\u00f3b\u00f3l hazat\u00e9rt 206 katon\u00e1t. A Tartom\u00e1nyi \u00dajj\u00e1\u00e9p\u00edt\u00e9si Csoport feladata a tartom\u00e1ny bels\u0151 rendj\u00e9nek megszil\u00e1rd\u00edt\u00e1sa: iv\u00f3v\u00edzh\u00e1l\u00f3zat ki\u00e9p\u00edt\u00e9s\u00e9t fel\u00fcgyelik, de seg\u00edtett\u00e9k egy \u00e1ramtermel\u0151 fel\u00e9p\u00edt\u00e9s\u00e9ben is. A Magyar Honv\u00e9ds\u00e9g m\u00e1sf\u00e9l \u00e9ve vesz r\u00e9szt ENSZ feladatokban a vil\u00e1g egyik legszeg\u00e9nyebb orsz\u00e1g\u00e1ban, a mostani volt a harmadik v\u00e1lt\u00f3\u00e1llom\u00e1ny. A negyedik kontingens febru\u00e1r utols\u00f3 heteiben \u00e9rkezett a Baghlan tartom\u00e1nyban fel\u00e9p\u00edtett Camp Pann\u00f3ni\u00e1ba.<\/p>\n","protected":false},"excerpt":{"rendered":"<p>P\u00e9ntek d\u00e9lut\u00e1n Vadai \u00c1gnes, a Honv\u00e9delmi Miniszt\u00e9rium \u00e1llamtitk\u00e1ra fogadta a hath\u00f3napos afganiszt\u00e1ni misszi\u00f3b\u00f3l hazat\u00e9rt 206 katon\u00e1t. A Tartom\u00e1nyi \u00dajj\u00e1\u00e9p\u00edt\u00e9si Csoport feladata a tartom\u00e1ny bels\u0151 rendj\u00e9nek megszil\u00e1rd\u00edt\u00e1sa: iv\u00f3v\u00edzh\u00e1l\u00f3zat ki\u00e9p\u00edt\u00e9s\u00e9t fel\u00fcgyelik, de seg\u00edtett\u00e9k egy \u00e1ramtermel\u0151 fel\u00e9p\u00edt\u00e9s\u00e9ben is. A Magyar Honv\u00e9ds\u00e9g m\u00e1sf\u00e9l \u00e9ve vesz r\u00e9szt ENSZ feladatokban a vil\u00e1g egyik legszeg\u00e9nyebb orsz\u00e1g\u00e1ban, a mostani volt a harmadik v\u00e1lt\u00f3\u00e1llom\u00e1ny. [&hellip;]<\/p>\n","protected":false},"author":2,"featured_media":0,"comment_status":"open","ping_status":"open","sticky":false,"template":"","format":"standard","meta":[],"categories":[24],"tags":[],"_links":{"self":[{"href":"http:\/\/archiv.szolnoktv.hu\/index.php?rest_route=\/wp\/v2\/posts\/30882"}],"collection":[{"href":"http:\/\/archiv.szolnoktv.hu\/index.php?rest_route=\/wp\/v2\/posts"}],"about":[{"href":"http:\/\/archiv.szolnoktv.hu\/index.php?rest_route=\/wp\/v2\/types\/post"}],"author":[{"embeddable":true,"href":"http:\/\/archiv.szolnoktv.hu\/index.php?rest_route=\/wp\/v2\/users\/2"}],"replies":[{"embeddable":true,"href":"http:\/\/archiv.szolnoktv.hu\/index.php?rest_route=%2Fwp%2Fv2%2Fcomments&post=30882"}],"version-history":[{"count":1,"href":"http:\/\/archiv.szolnoktv.hu\/index.php?rest_route=\/wp\/v2\/posts\/30882\/revisions"}],"predecessor-version":[{"id":31031,"href":"http:\/\/archiv.szolnoktv.hu\/index.php?rest_route=\/wp\/v2\/posts\/30882\/revisions\/31031"}],"wp:attachment":[{"href":"http:\/\/archiv.szolnoktv.hu\/index.php?rest_route=%2Fwp%2Fv2%2Fmedia&parent=30882"}],"wp:term":[{"taxonomy":"category","embeddable":true,"href":"http:\/\/archiv.szolnoktv.hu\/index.php?rest_route=%2Fwp%2Fv2%2Fcategories&post=30882"},{"taxonomy":"post_tag","embeddable":true,"href":"http:\/\/archiv.szolnoktv.hu\/index.php?rest_route=%2Fwp%2Fv2%2Ftags&post=30882"}],"curies":[{"name":"wp","href":"https:\/\/api.w.org\/{rel}","templated":true}]}}