{"id":30881,"date":"2008-03-21T18:25:26","date_gmt":"2008-03-21T18:25:26","guid":{"rendered":"http:\/\/archiv.szolnoktv.hu\/?p=30881"},"modified":"2021-11-17T13:27:36","modified_gmt":"2021-11-17T13:27:36","slug":"arvizvedekezesi-emlekpontot-avattak-szolnokon-2","status":"publish","type":"post","link":"http:\/\/archiv.szolnoktv.hu\/?p=30881","title":{"rendered":"\u00c1rv\u00edzv\u00e9dekez\u00e9si eml\u00e9kpontot avattak Szolnokon"},"content":{"rendered":"<div class='booster-block booster-read-block'><\/div><p>A v\u00edz\u00fcgyi sz\u00e9kh\u00e1z mellett fel\u00e1ll\u00edtott \u00e9vsz\u00e1zados fakorongon a kis r\u00e9zt\u00e1bl\u00e1kon felt\u00fcntetett \u00e9vsz\u00e1mokhoz a hazai v\u00edz\u00fcgyi t\u00f6rt\u00e9nelem egy-egy fontos \u00e9s meghat\u00e1roz\u00f3 momentuma tartozik.<br \/>\nLegut\u00f3bb a 2006 tavasz\u00e1n levonul\u00f3 rendk\u00edv\u00fcli \u00e1rv\u00edz k\u00e9sztette emberfeletti k\u00fczdelemre a Tisza \u00e9s a K\u00f6r\u00f6s\u00f6k ment\u00e9n \u00e9l\u0151ket, szakembereket, katon\u00e1kat, civileket egyar\u00e1nt. A v\u00edz levonul\u00e1s\u00e1t k\u00f6vet\u0151en szinte azonnal megkezd\u0151dtek a helyre\u00e1ll\u00edt\u00e1sok \u00e9s a sz\u00fcks\u00e9ges g\u00e1ter\u0151s\u00edt\u00e9sek. A munk\u00e1latoknak &#8211; mint ahogy Varga L\u00e1szl\u00f3, a K\u00d6TI-K\u00d6V\u00cdZIG igazgat\u00f3ja fogalmazott, sajnos kisebb erd\u0151r\u00e9szek is \u00e1ldozat\u00e1ul estek. Kit\u0171nt azonban egy ny\u00e1rfa, amelynek t\u00f6rzs\u00e1tm\u00e9r\u0151je nagyobb volt az \u00e1tlaghoz k\u00e9pest \u00e9s mint kider\u00fclt, \u00e9letkora is meghaladta a t\u00f6bbi\u00e9t. Az \u00e9vgy\u0171r\u0171k alapj\u00e1n 118 \u00e9ven \u00e1t harcolt a fa az elemekkel, v\u00e9dte a t\u00f6lt\u00e9st a hull\u00e1mokt\u00f3l. Mindez arra az elhat\u00e1roz\u00e1sra k\u00e9sztette a K\u00d6TI-K\u00d6V\u00cdZIG-et, hogy m\u00e9lt\u00f3k\u00e9ppen bemutassa a jelennek. A jelent\u0151sebb \u00e1rv\u00edzv\u00e9dekez\u00e9sek \u00e9s a hazai v\u00edz\u00fcgyi t\u00f6rt\u00e9nelem fontosabb momentumait bemutat\u00f3 eml\u00e9kpontot a S\u00e1gv\u00e1ri k\u00f6r\u00faton, a v\u00edz\u00fcgyi sz\u00e9kh\u00e1z mellett avatt\u00e1k fel. A 28 m\u00e9ter magas \u00e9s t\u00f6bb mint k\u00e9t \u00e9s f\u00e9l m\u00e9ter \u00e1tm\u00e9r\u0151j\u0171 f\u00e1b\u00f3l h\u00e1rom metszetet k\u00e9sz\u00edtettek. Tiszaugon tavaly augusztusban egy korongot m\u00e1r fel\u00e1ll\u00edtottak, m\u00e1t\u00f3l Szolnokon, hamarosan pedig Kisk\u00f6r\u00e9n is megcsod\u00e1lhatj\u00e1k az \u00e9rdekl\u0151d\u0151k.<\/p>\n","protected":false},"excerpt":{"rendered":"<p>A v\u00edz\u00fcgyi sz\u00e9kh\u00e1z mellett fel\u00e1ll\u00edtott \u00e9vsz\u00e1zados fakorongon a kis r\u00e9zt\u00e1bl\u00e1kon felt\u00fcntetett \u00e9vsz\u00e1mokhoz a hazai v\u00edz\u00fcgyi t\u00f6rt\u00e9nelem egy-egy fontos \u00e9s meghat\u00e1roz\u00f3 momentuma tartozik. Legut\u00f3bb a 2006 tavasz\u00e1n levonul\u00f3 rendk\u00edv\u00fcli \u00e1rv\u00edz k\u00e9sztette emberfeletti k\u00fczdelemre a Tisza \u00e9s a K\u00f6r\u00f6s\u00f6k ment\u00e9n \u00e9l\u0151ket, szakembereket, katon\u00e1kat, civileket egyar\u00e1nt. A v\u00edz levonul\u00e1s\u00e1t k\u00f6vet\u0151en szinte azonnal megkezd\u0151dtek a helyre\u00e1ll\u00edt\u00e1sok \u00e9s a sz\u00fcks\u00e9ges [&hellip;]<\/p>\n","protected":false},"author":2,"featured_media":0,"comment_status":"open","ping_status":"open","sticky":false,"template":"","format":"standard","meta":[],"categories":[24],"tags":[],"_links":{"self":[{"href":"http:\/\/archiv.szolnoktv.hu\/index.php?rest_route=\/wp\/v2\/posts\/30881"}],"collection":[{"href":"http:\/\/archiv.szolnoktv.hu\/index.php?rest_route=\/wp\/v2\/posts"}],"about":[{"href":"http:\/\/archiv.szolnoktv.hu\/index.php?rest_route=\/wp\/v2\/types\/post"}],"author":[{"embeddable":true,"href":"http:\/\/archiv.szolnoktv.hu\/index.php?rest_route=\/wp\/v2\/users\/2"}],"replies":[{"embeddable":true,"href":"http:\/\/archiv.szolnoktv.hu\/index.php?rest_route=%2Fwp%2Fv2%2Fcomments&post=30881"}],"version-history":[{"count":1,"href":"http:\/\/archiv.szolnoktv.hu\/index.php?rest_route=\/wp\/v2\/posts\/30881\/revisions"}],"predecessor-version":[{"id":31032,"href":"http:\/\/archiv.szolnoktv.hu\/index.php?rest_route=\/wp\/v2\/posts\/30881\/revisions\/31032"}],"wp:attachment":[{"href":"http:\/\/archiv.szolnoktv.hu\/index.php?rest_route=%2Fwp%2Fv2%2Fmedia&parent=30881"}],"wp:term":[{"taxonomy":"category","embeddable":true,"href":"http:\/\/archiv.szolnoktv.hu\/index.php?rest_route=%2Fwp%2Fv2%2Fcategories&post=30881"},{"taxonomy":"post_tag","embeddable":true,"href":"http:\/\/archiv.szolnoktv.hu\/index.php?rest_route=%2Fwp%2Fv2%2Ftags&post=30881"}],"curies":[{"name":"wp","href":"https:\/\/api.w.org\/{rel}","templated":true}]}}