{"id":30880,"date":"2008-03-20T18:12:26","date_gmt":"2008-03-20T18:12:26","guid":{"rendered":"http:\/\/archiv.szolnoktv.hu\/?p=30880"},"modified":"2021-11-17T13:27:36","modified_gmt":"2021-11-17T13:27:36","slug":"szigorodo-ellenorzesek","status":"publish","type":"post","link":"http:\/\/archiv.szolnoktv.hu\/?p=30880","title":{"rendered":"Szigorod\u00f3 ellen\u0151rz\u00e9sek"},"content":{"rendered":"<div class='booster-block booster-read-block'><\/div><p>A v\u00e1ros egyes forgalmasabb r\u00e9szein a k\u00f6zter\u00fclet-fel\u00fcgyel\u0151k m\u00e9g csak egy figyelmeztet\u0151 c\u00e9dul\u00e1t raknak a szab\u00e1lytalanul parkol\u00f3 aut\u00f3k sz\u00e9lv\u00e9d\u0151ire. N\u00e9h\u00e1ny h\u00e9ten bel\u00fcl azonban m\u00e1r helysz\u00edni b\u00edrs\u00e1got is kiszabhatnak. Vannak azonban olyan helyek, ahol az ellen\u0151rz\u00e9sek \u00e1ltal\u00e1ban elmaradnak. Ilyen  p\u00e9ld\u00e1ul az \u00c1rk\u00e1d parkol\u00f3, ahol rendszeresen feltorl\u00f3dik a forgalom, a rossz helyen parkol\u00f3 g\u00e9pkocsik miatt. A M\u00f3ra Ferenc \u00fati b\u00f6lcs\u0151d\u00e9n\u00e9l pedig n\u00e9h\u00e1ny sz\u00fcl\u0151 rendszeresen felhajt a j\u00e1rd\u00e1ra, pedig ezt t\u00e1bla is tiltja. A b\u00f6lcsivel szemben ugyanis egy orvosi rendel\u0151 m\u0171k\u00f6dik, \u00edgy oda csak az eg\u00e9szs\u00e9g\u00fcgyi \u00e9s a s\u00fcrg\u0151ss\u00e9gi ell\u00e1t\u00f3 j\u00e1rm\u0171vek mehetnek be. A parkol\u00f3 mind\u00f6ssze 15-20 m\u00e9terre van a b\u00f6lcsit\u0151l. Nem tehetnek semmit a k\u00f6zter\u00fclet-fel\u00fcgyel\u0151k a v\u00e1laszt\u00e1si plak\u00e1tok kiragaszt\u00f3ival. Szolnokon egyes helyeken m\u00e9g mindig kint vannak a 2006-os helyhat\u00f3s\u00e1gi v\u00e1laszt\u00e1sok plak\u00e1tjai. B\u00e1r a t\u00f6rv\u00e9ny el\u0151\u00edrja, hogy a v\u00e1laszt\u00e1sok ut\u00e1n harminc napon bel\u00fcl el kell t\u00e1vol\u00edttatni azokat, m\u00e9gsem szankcion\u00e1lja, ha ezt elmulasztj\u00e1k.<\/p>\n","protected":false},"excerpt":{"rendered":"<p>A v\u00e1ros egyes forgalmasabb r\u00e9szein a k\u00f6zter\u00fclet-fel\u00fcgyel\u0151k m\u00e9g csak egy figyelmeztet\u0151 c\u00e9dul\u00e1t raknak a szab\u00e1lytalanul parkol\u00f3 aut\u00f3k sz\u00e9lv\u00e9d\u0151ire. N\u00e9h\u00e1ny h\u00e9ten bel\u00fcl azonban m\u00e1r helysz\u00edni b\u00edrs\u00e1got is kiszabhatnak. Vannak azonban olyan helyek, ahol az ellen\u0151rz\u00e9sek \u00e1ltal\u00e1ban elmaradnak. Ilyen p\u00e9ld\u00e1ul az \u00c1rk\u00e1d parkol\u00f3, ahol rendszeresen feltorl\u00f3dik a forgalom, a rossz helyen parkol\u00f3 g\u00e9pkocsik miatt. A M\u00f3ra Ferenc [&hellip;]<\/p>\n","protected":false},"author":2,"featured_media":0,"comment_status":"open","ping_status":"open","sticky":false,"template":"","format":"standard","meta":[],"categories":[24],"tags":[],"_links":{"self":[{"href":"http:\/\/archiv.szolnoktv.hu\/index.php?rest_route=\/wp\/v2\/posts\/30880"}],"collection":[{"href":"http:\/\/archiv.szolnoktv.hu\/index.php?rest_route=\/wp\/v2\/posts"}],"about":[{"href":"http:\/\/archiv.szolnoktv.hu\/index.php?rest_route=\/wp\/v2\/types\/post"}],"author":[{"embeddable":true,"href":"http:\/\/archiv.szolnoktv.hu\/index.php?rest_route=\/wp\/v2\/users\/2"}],"replies":[{"embeddable":true,"href":"http:\/\/archiv.szolnoktv.hu\/index.php?rest_route=%2Fwp%2Fv2%2Fcomments&post=30880"}],"version-history":[{"count":1,"href":"http:\/\/archiv.szolnoktv.hu\/index.php?rest_route=\/wp\/v2\/posts\/30880\/revisions"}],"predecessor-version":[{"id":31033,"href":"http:\/\/archiv.szolnoktv.hu\/index.php?rest_route=\/wp\/v2\/posts\/30880\/revisions\/31033"}],"wp:attachment":[{"href":"http:\/\/archiv.szolnoktv.hu\/index.php?rest_route=%2Fwp%2Fv2%2Fmedia&parent=30880"}],"wp:term":[{"taxonomy":"category","embeddable":true,"href":"http:\/\/archiv.szolnoktv.hu\/index.php?rest_route=%2Fwp%2Fv2%2Fcategories&post=30880"},{"taxonomy":"post_tag","embeddable":true,"href":"http:\/\/archiv.szolnoktv.hu\/index.php?rest_route=%2Fwp%2Fv2%2Ftags&post=30880"}],"curies":[{"name":"wp","href":"https:\/\/api.w.org\/{rel}","templated":true}]}}