{"id":30879,"date":"2008-03-20T18:11:45","date_gmt":"2008-03-20T18:11:45","guid":{"rendered":"http:\/\/archiv.szolnoktv.hu\/?p=30879"},"modified":"2021-11-17T13:27:36","modified_gmt":"2021-11-17T13:27:36","slug":"maltai-husvet","status":"publish","type":"post","link":"http:\/\/archiv.szolnoktv.hu\/?p=30879","title":{"rendered":"M\u00e1ltai h\u00fasv\u00e9t"},"content":{"rendered":"<div class='booster-block booster-read-block'><\/div><p>Adni \u00f6r\u00f6m. F\u0151leg akkor ha pici, beteg gyermekekr\u0151l van sz\u00f3. A M\u00e1ltai Szeretszolg\u00e1lat h\u00fasv\u00e9ti aj\u00e1nd\u00e9kokkal lepte meg a megyei k\u00f3rh\u00e1z fert\u0151z\u0151 oszt\u00e1ly\u00e1n fekv\u0151 apr\u00f3s\u00e1gait. A szervezet munkat\u00e1rsai csokol\u00e1d\u00e9 toj\u00e1st \u00e9s nyulat, mese \u00e9s kifest\u0151k\u00f6nyvet adom\u00e1nyoztak a meglepett kicsiknek. A szeretszolg\u00e1lat \u00f6nk\u00e9ntesei nemr\u00e9giben \u00e9lelmiszergy\u0171jt\u00e9st is szerveztek. A t\u00f6bb mint hatvan \u00e9lelmiszer csomagot egyebek mellett a Ka\u00e1n K\u00e1roly \u00fati Id\u0151sek Otthon\u00e1nak adom\u00e1nyozt\u00e1k.<\/p>\n","protected":false},"excerpt":{"rendered":"<p>Adni \u00f6r\u00f6m. F\u0151leg akkor ha pici, beteg gyermekekr\u0151l van sz\u00f3. A M\u00e1ltai Szeretszolg\u00e1lat h\u00fasv\u00e9ti aj\u00e1nd\u00e9kokkal lepte meg a megyei k\u00f3rh\u00e1z fert\u0151z\u0151 oszt\u00e1ly\u00e1n fekv\u0151 apr\u00f3s\u00e1gait. A szervezet munkat\u00e1rsai csokol\u00e1d\u00e9 toj\u00e1st \u00e9s nyulat, mese \u00e9s kifest\u0151k\u00f6nyvet adom\u00e1nyoztak a meglepett kicsiknek. A szeretszolg\u00e1lat \u00f6nk\u00e9ntesei nemr\u00e9giben \u00e9lelmiszergy\u0171jt\u00e9st is szerveztek. A t\u00f6bb mint hatvan \u00e9lelmiszer csomagot egyebek mellett a Ka\u00e1n [&hellip;]<\/p>\n","protected":false},"author":2,"featured_media":0,"comment_status":"open","ping_status":"open","sticky":false,"template":"","format":"standard","meta":[],"categories":[24],"tags":[],"_links":{"self":[{"href":"http:\/\/archiv.szolnoktv.hu\/index.php?rest_route=\/wp\/v2\/posts\/30879"}],"collection":[{"href":"http:\/\/archiv.szolnoktv.hu\/index.php?rest_route=\/wp\/v2\/posts"}],"about":[{"href":"http:\/\/archiv.szolnoktv.hu\/index.php?rest_route=\/wp\/v2\/types\/post"}],"author":[{"embeddable":true,"href":"http:\/\/archiv.szolnoktv.hu\/index.php?rest_route=\/wp\/v2\/users\/2"}],"replies":[{"embeddable":true,"href":"http:\/\/archiv.szolnoktv.hu\/index.php?rest_route=%2Fwp%2Fv2%2Fcomments&post=30879"}],"version-history":[{"count":1,"href":"http:\/\/archiv.szolnoktv.hu\/index.php?rest_route=\/wp\/v2\/posts\/30879\/revisions"}],"predecessor-version":[{"id":31034,"href":"http:\/\/archiv.szolnoktv.hu\/index.php?rest_route=\/wp\/v2\/posts\/30879\/revisions\/31034"}],"wp:attachment":[{"href":"http:\/\/archiv.szolnoktv.hu\/index.php?rest_route=%2Fwp%2Fv2%2Fmedia&parent=30879"}],"wp:term":[{"taxonomy":"category","embeddable":true,"href":"http:\/\/archiv.szolnoktv.hu\/index.php?rest_route=%2Fwp%2Fv2%2Fcategories&post=30879"},{"taxonomy":"post_tag","embeddable":true,"href":"http:\/\/archiv.szolnoktv.hu\/index.php?rest_route=%2Fwp%2Fv2%2Ftags&post=30879"}],"curies":[{"name":"wp","href":"https:\/\/api.w.org\/{rel}","templated":true}]}}