{"id":30878,"date":"2008-03-20T18:11:13","date_gmt":"2008-03-20T18:11:13","guid":{"rendered":"http:\/\/archiv.szolnoktv.hu\/?p=30878"},"modified":"2021-11-17T13:27:36","modified_gmt":"2021-11-17T13:27:36","slug":"madarak-fak-napja","status":"publish","type":"post","link":"http:\/\/archiv.szolnoktv.hu\/?p=30878","title":{"rendered":"Madarak, f\u00e1k napja"},"content":{"rendered":"<div class='booster-block booster-read-block'><\/div><p>B\u00e1r a Madarak, f\u00e1k napj\u00e1t eredetileg m\u00e1jus 10-\u00e9n \u00fcnnepelj\u00fck, a Nefag Zrt. m\u00e1r ma sz\u00e1mos \u00e9rdekes ismeretterjeszt\u0151 programmal v\u00e1rta a gyerekeket a parkerd\u0151ben. 1902. m\u00e1rcius 19-\u00e9n az eur\u00f3pai \u00e1llamok egy, a madarak v\u00e9delm\u00e9t szog\u00e1l\u00f3 egyezm\u00e9nyt \u00edrtak al\u00e1. Ez volt haz\u00e1nkban a Madarak \u00e9s F\u00e1k Napja bevezet\u00e9s\u00e9nek k\u00f6zvetlen el\u0151zm\u00e9nye. M\u00e9g ugyanebben az \u00e9vben Chernel Istv\u00e1n, a h\u00edres ornitol\u00f3gus szervezte meg els\u0151 \u00edzben. Az \u00fcnnepet azonban csak 1906-ban vezett\u00e9k be hivatalosan Herman Ott\u00f3 hathat\u00f3s k\u00f6zrem\u0171k\u00f6d\u00e9s\u00e9vel, amikor gr\u00f3f Apponyi Albert vall\u00e1s- \u00e9s k\u00f6zoktat\u00e1s\u00fcgyi miniszter k\u00f6rrendeletben \u00edrta el\u0151 meg\u00fcnnepl\u00e9s\u00e9t minden iskola sz\u00e1m\u00e1ra. A Madarak \u00e9s F\u00e1k Napja az\u00f3ta- a II. vil\u00e1gh\u00e1bor\u00fa ut\u00e1ni id\u0151szakot lesz\u00e1m\u00edtva- kedvelt \u00e9s t\u00fcrelmetlen\u00fcl v\u00e1rt \u00fcnnepe lett a tanul\u00f3 ifj\u00fas\u00e1gnak. A Nefag Zrt. minden \u00e9vben megh\u00edvja a di\u00e1kokat egy eg\u00e9sz napos term\u00e9szetj\u00e1r\u00e1sra a parkerd\u0151 ter\u00fclet\u00e9n. Ilyenkor j\u00e1t\u00e9kos \u00e9s szeml\u00e9letes form\u00e1ban saj\u00e1t\u00edthatnak el fontos biol\u00f3giai ismereteket.<\/p>\n","protected":false},"excerpt":{"rendered":"<p>B\u00e1r a Madarak, f\u00e1k napj\u00e1t eredetileg m\u00e1jus 10-\u00e9n \u00fcnnepelj\u00fck, a Nefag Zrt. m\u00e1r ma sz\u00e1mos \u00e9rdekes ismeretterjeszt\u0151 programmal v\u00e1rta a gyerekeket a parkerd\u0151ben. 1902. m\u00e1rcius 19-\u00e9n az eur\u00f3pai \u00e1llamok egy, a madarak v\u00e9delm\u00e9t szog\u00e1l\u00f3 egyezm\u00e9nyt \u00edrtak al\u00e1. Ez volt haz\u00e1nkban a Madarak \u00e9s F\u00e1k Napja bevezet\u00e9s\u00e9nek k\u00f6zvetlen el\u0151zm\u00e9nye. M\u00e9g ugyanebben az \u00e9vben Chernel Istv\u00e1n, a [&hellip;]<\/p>\n","protected":false},"author":2,"featured_media":0,"comment_status":"open","ping_status":"open","sticky":false,"template":"","format":"standard","meta":[],"categories":[24],"tags":[],"_links":{"self":[{"href":"http:\/\/archiv.szolnoktv.hu\/index.php?rest_route=\/wp\/v2\/posts\/30878"}],"collection":[{"href":"http:\/\/archiv.szolnoktv.hu\/index.php?rest_route=\/wp\/v2\/posts"}],"about":[{"href":"http:\/\/archiv.szolnoktv.hu\/index.php?rest_route=\/wp\/v2\/types\/post"}],"author":[{"embeddable":true,"href":"http:\/\/archiv.szolnoktv.hu\/index.php?rest_route=\/wp\/v2\/users\/2"}],"replies":[{"embeddable":true,"href":"http:\/\/archiv.szolnoktv.hu\/index.php?rest_route=%2Fwp%2Fv2%2Fcomments&post=30878"}],"version-history":[{"count":1,"href":"http:\/\/archiv.szolnoktv.hu\/index.php?rest_route=\/wp\/v2\/posts\/30878\/revisions"}],"predecessor-version":[{"id":31035,"href":"http:\/\/archiv.szolnoktv.hu\/index.php?rest_route=\/wp\/v2\/posts\/30878\/revisions\/31035"}],"wp:attachment":[{"href":"http:\/\/archiv.szolnoktv.hu\/index.php?rest_route=%2Fwp%2Fv2%2Fmedia&parent=30878"}],"wp:term":[{"taxonomy":"category","embeddable":true,"href":"http:\/\/archiv.szolnoktv.hu\/index.php?rest_route=%2Fwp%2Fv2%2Fcategories&post=30878"},{"taxonomy":"post_tag","embeddable":true,"href":"http:\/\/archiv.szolnoktv.hu\/index.php?rest_route=%2Fwp%2Fv2%2Ftags&post=30878"}],"curies":[{"name":"wp","href":"https:\/\/api.w.org\/{rel}","templated":true}]}}