{"id":30876,"date":"2008-03-20T18:10:15","date_gmt":"2008-03-20T18:10:15","guid":{"rendered":"http:\/\/archiv.szolnoktv.hu\/?p=30876"},"modified":"2021-11-17T13:27:36","modified_gmt":"2021-11-17T13:27:36","slug":"kozgyulesi-beszamolo","status":"publish","type":"post","link":"http:\/\/archiv.szolnoktv.hu\/?p=30876","title":{"rendered":"K\u00f6zgy\u0171l\u00e9si besz\u00e1mol\u00f3"},"content":{"rendered":"<div class='booster-block booster-read-block'><\/div><p>\u00daj, h\u00e1rom bet\u0171s mozaiksz\u00f3val kell a szolnokiaknak is megismerkedni\u00fck. Ez az IVS, azaz Integr\u00e1lt V\u00e1rosfejleszt\u00e9si Strat\u00e9gia. A t\u00f6bbsz\u00e1zoldalnyi anyag csaknem egy \u00e9ves munka eredm\u00e9nye, a 10 \u00e9vre sz\u00f3l\u00f3 fejleszt\u00e9si tervekr\u0151l, akci\u00f3ter\u00fcletekr\u0151l ma d\u00f6nt\u00f6ttek a k\u00e9pvisel\u0151k.<br \/>\nAz IVS elk\u00e9sz\u00edt\u00e9se nem jogszab\u00e1lyi k\u00f6telem, felt\u00e9tele viszont a v\u00e1rosrehabilit\u00e1ci\u00f3s uni\u00f3s t\u00e1mogat\u00e1sok elnyer\u00e9s\u00e9nek. Olyan hi\u00e1nyp\u00f3tl\u00f3 dokumentum, amelyet mintegy bibliak\u00e9nt forgathatnak a v\u00e1ros fejleszt\u00e9s\u00e9ben \u00e9rdekeltek &#8211; fogalmazott az \u00f6nkorm\u00e1nyzati f\u0151\u00e9p\u00edt\u00e9sz. Szalay Ferenc polg\u00e1rmester hangs\u00falyozta: az IVS arr\u00f3l sz\u00f3l, hogy Szolnok tud-e \u00e9lni az Eur\u00f3pai Uni\u00f3 ny\u00fajtotta t\u00e1mogat\u00e1si lehet\u0151s\u00e9gekkel. A polg\u00e1rmester hozz\u00e1tette: 6,6 milli\u00e1rd forint fejleszt\u00e9si p\u00e9nzr\u0151l van sz\u00f3, ebb\u0151l 4 milli\u00e1rdot biztos\u00edt az EU, a t\u00f6bbit az \u00f6nkorm\u00e1nyzatnak kell el\u0151teremtenie \u00f6ner\u0151 form\u00e1j\u00e1ban.<br \/>A k\u00f6zgy\u0171l\u00e9s r\u00e1b\u00f3lintott a gyalogos-ker\u00e9kp\u00e1ros Tisza-h\u00edd elk\u00e9sz\u00fclt enged\u00e9lyes \u00e9s l\u00e1tv\u00e1nyterveire is. A k\u00f6zbeszerz\u00e9si elj\u00e1r\u00e1ssal kiv\u00e1lasztott \u00e9p\u00edt\u00e9szeti iroda munkat\u00e1rsai &#8211; megfogalmaz\u00e1suk szerint &#8211; arra t\u00f6rekedtek, hogy ne csak egy szimpla l\u00e9tes\u00edtm\u00e9ny \u00e9p\u00fclj\u00f6n. Az egyedi szerkezetet, a h\u00eddf\u0151ket, a burkolatokat, a t\u00e9rb\u00fatorokat, de m\u00e9g az esti kivil\u00e1g\u00edt\u00e1st is \u00fagy tervezt\u00e9k meg, hogy meghat\u00e1roz\u00f3 legyen v\u00e1rosk\u00e9pi szempontb\u00f3l, \u00edgy ak\u00e1r a megyesz\u00e9khely egyik jelk\u00e9p\u00e9v\u00e9 is v\u00e1lhat. L\u00e1tva az elk\u00e9pzel\u00e9seket, a 120 m\u00e9teres t\u00e1vols\u00e1got \u00e1t\u00edvel\u0151 h\u00edd minden bizonnyal eleget tesz majd ennek a k\u00edv\u00e1nalomnak.<\/p>\n","protected":false},"excerpt":{"rendered":"<p>\u00daj, h\u00e1rom bet\u0171s mozaiksz\u00f3val kell a szolnokiaknak is megismerkedni\u00fck. Ez az IVS, azaz Integr\u00e1lt V\u00e1rosfejleszt\u00e9si Strat\u00e9gia. A t\u00f6bbsz\u00e1zoldalnyi anyag csaknem egy \u00e9ves munka eredm\u00e9nye, a 10 \u00e9vre sz\u00f3l\u00f3 fejleszt\u00e9si tervekr\u0151l, akci\u00f3ter\u00fcletekr\u0151l ma d\u00f6nt\u00f6ttek a k\u00e9pvisel\u0151k. Az IVS elk\u00e9sz\u00edt\u00e9se nem jogszab\u00e1lyi k\u00f6telem, felt\u00e9tele viszont a v\u00e1rosrehabilit\u00e1ci\u00f3s uni\u00f3s t\u00e1mogat\u00e1sok elnyer\u00e9s\u00e9nek. Olyan hi\u00e1nyp\u00f3tl\u00f3 dokumentum, amelyet mintegy bibliak\u00e9nt forgathatnak [&hellip;]<\/p>\n","protected":false},"author":2,"featured_media":0,"comment_status":"open","ping_status":"open","sticky":false,"template":"","format":"standard","meta":[],"categories":[24],"tags":[],"_links":{"self":[{"href":"http:\/\/archiv.szolnoktv.hu\/index.php?rest_route=\/wp\/v2\/posts\/30876"}],"collection":[{"href":"http:\/\/archiv.szolnoktv.hu\/index.php?rest_route=\/wp\/v2\/posts"}],"about":[{"href":"http:\/\/archiv.szolnoktv.hu\/index.php?rest_route=\/wp\/v2\/types\/post"}],"author":[{"embeddable":true,"href":"http:\/\/archiv.szolnoktv.hu\/index.php?rest_route=\/wp\/v2\/users\/2"}],"replies":[{"embeddable":true,"href":"http:\/\/archiv.szolnoktv.hu\/index.php?rest_route=%2Fwp%2Fv2%2Fcomments&post=30876"}],"version-history":[{"count":1,"href":"http:\/\/archiv.szolnoktv.hu\/index.php?rest_route=\/wp\/v2\/posts\/30876\/revisions"}],"predecessor-version":[{"id":31037,"href":"http:\/\/archiv.szolnoktv.hu\/index.php?rest_route=\/wp\/v2\/posts\/30876\/revisions\/31037"}],"wp:attachment":[{"href":"http:\/\/archiv.szolnoktv.hu\/index.php?rest_route=%2Fwp%2Fv2%2Fmedia&parent=30876"}],"wp:term":[{"taxonomy":"category","embeddable":true,"href":"http:\/\/archiv.szolnoktv.hu\/index.php?rest_route=%2Fwp%2Fv2%2Fcategories&post=30876"},{"taxonomy":"post_tag","embeddable":true,"href":"http:\/\/archiv.szolnoktv.hu\/index.php?rest_route=%2Fwp%2Fv2%2Ftags&post=30876"}],"curies":[{"name":"wp","href":"https:\/\/api.w.org\/{rel}","templated":true}]}}