{"id":30875,"date":"2008-03-20T18:09:19","date_gmt":"2008-03-20T18:09:19","guid":{"rendered":"http:\/\/archiv.szolnoktv.hu\/?p=30875"},"modified":"2021-11-17T13:27:36","modified_gmt":"2021-11-17T13:27:36","slug":"ifjusagi-haz","status":"publish","type":"post","link":"http:\/\/archiv.szolnoktv.hu\/?p=30875","title":{"rendered":"Ifj\u00fas\u00e1gi h\u00e1z"},"content":{"rendered":"<div class='booster-block booster-read-block'><\/div><p>Ifj\u00fas\u00e1gi h\u00e1z lesz a Borosty\u00e1n m\u0171vel\u0151d\u00e9si h\u00e1zb\u00f3l. A k\u00f6zgy\u0171l\u00e9s d\u00f6nt\u00e9se \u00e9rtelm\u00e9ben az Ifj\u00fas\u00e1g\u00e9rt Egyes\u00fclet t\u00edz \u00e9vre b\u00e9rbe veheti a Szap\u00e1ry \u00fati 1200 n\u00e9gyzetm\u00e9teres ingatlant. Az \u00e1talak\u00edt\u00e1sok k\u00f6lts\u00e9geihez az \u00f6nkorm\u00e1nyzat n\u00e9gymilli\u00f3 forintot is biztos\u00edt. Az egyes\u00fclet a kor\u00e1bbi sikerprogramjai mellett \u00faj sz\u00f3rakoz\u00e1si, ismeretszerz\u00e9si lehet\u0151s\u00e9geket tud felk\u00edn\u00e1lni a szolnoki fiataloknak.<\/p>\n","protected":false},"excerpt":{"rendered":"<p>Ifj\u00fas\u00e1gi h\u00e1z lesz a Borosty\u00e1n m\u0171vel\u0151d\u00e9si h\u00e1zb\u00f3l. A k\u00f6zgy\u0171l\u00e9s d\u00f6nt\u00e9se \u00e9rtelm\u00e9ben az Ifj\u00fas\u00e1g\u00e9rt Egyes\u00fclet t\u00edz \u00e9vre b\u00e9rbe veheti a Szap\u00e1ry \u00fati 1200 n\u00e9gyzetm\u00e9teres ingatlant. Az \u00e1talak\u00edt\u00e1sok k\u00f6lts\u00e9geihez az \u00f6nkorm\u00e1nyzat n\u00e9gymilli\u00f3 forintot is biztos\u00edt. Az egyes\u00fclet a kor\u00e1bbi sikerprogramjai mellett \u00faj sz\u00f3rakoz\u00e1si, ismeretszerz\u00e9si lehet\u0151s\u00e9geket tud felk\u00edn\u00e1lni a szolnoki fiataloknak.<\/p>\n","protected":false},"author":2,"featured_media":0,"comment_status":"open","ping_status":"open","sticky":false,"template":"","format":"standard","meta":[],"categories":[24],"tags":[],"_links":{"self":[{"href":"http:\/\/archiv.szolnoktv.hu\/index.php?rest_route=\/wp\/v2\/posts\/30875"}],"collection":[{"href":"http:\/\/archiv.szolnoktv.hu\/index.php?rest_route=\/wp\/v2\/posts"}],"about":[{"href":"http:\/\/archiv.szolnoktv.hu\/index.php?rest_route=\/wp\/v2\/types\/post"}],"author":[{"embeddable":true,"href":"http:\/\/archiv.szolnoktv.hu\/index.php?rest_route=\/wp\/v2\/users\/2"}],"replies":[{"embeddable":true,"href":"http:\/\/archiv.szolnoktv.hu\/index.php?rest_route=%2Fwp%2Fv2%2Fcomments&post=30875"}],"version-history":[{"count":1,"href":"http:\/\/archiv.szolnoktv.hu\/index.php?rest_route=\/wp\/v2\/posts\/30875\/revisions"}],"predecessor-version":[{"id":31038,"href":"http:\/\/archiv.szolnoktv.hu\/index.php?rest_route=\/wp\/v2\/posts\/30875\/revisions\/31038"}],"wp:attachment":[{"href":"http:\/\/archiv.szolnoktv.hu\/index.php?rest_route=%2Fwp%2Fv2%2Fmedia&parent=30875"}],"wp:term":[{"taxonomy":"category","embeddable":true,"href":"http:\/\/archiv.szolnoktv.hu\/index.php?rest_route=%2Fwp%2Fv2%2Fcategories&post=30875"},{"taxonomy":"post_tag","embeddable":true,"href":"http:\/\/archiv.szolnoktv.hu\/index.php?rest_route=%2Fwp%2Fv2%2Ftags&post=30875"}],"curies":[{"name":"wp","href":"https:\/\/api.w.org\/{rel}","templated":true}]}}