{"id":30874,"date":"2008-03-20T18:07:15","date_gmt":"2008-03-20T18:07:15","guid":{"rendered":"http:\/\/archiv.szolnoktv.hu\/?p=30874"},"modified":"2021-11-17T13:27:36","modified_gmt":"2021-11-17T13:27:36","slug":"kikelet-akcio","status":"publish","type":"post","link":"http:\/\/archiv.szolnoktv.hu\/?p=30874","title":{"rendered":"Kikelet akci\u00f3"},"content":{"rendered":"<div class='booster-block booster-read-block'><\/div><p>Febru\u00e1r k\u00f6zepe \u00f3ta j\u00e1rja a Fogyaszt\u00f3v\u00e9delmi Hat\u00f3s\u00e1g a boltokat, piacokat, bev\u00e1s\u00e1rl\u00f3k\u00f6zpontokat. A h\u00fasv\u00e9ti ellen\u0151rz\u00e9s alatt els\u0151sorban a szezon\u00e1lis term\u00e9kekre koncentr\u00e1lnak, \u00edgy a sonk\u00e1kra, a f\u00fcst\u00f6lt h\u00fasokra, valamint a csokinyuszikra, csokitoj\u00e1sokra. Az eddigi vizsg\u00e1latok eredm\u00e9nyei szerint id\u00e9n kevesebb szab\u00e1lys\u00e9rt\u00e9st, kevesebb figyelmetlens\u00e9get k\u00f6vettek el a keresked\u0151k. Huszonn\u00e9gy alkalommal szabtak ki b\u00edrs\u00e1got, \u00f6sszesen m\u00e1sf\u00e9l milli\u00f3 forint \u00e9rt\u00e9kben. J\u00f3 h\u00edr, hogy eddig lej\u00e1rt szavatoss\u00e1g\u00fa, vagy \u00e1tc\u00edmk\u00e9zett term\u00e9ket nem tal\u00e1ltak<\/p>\n","protected":false},"excerpt":{"rendered":"<p>Febru\u00e1r k\u00f6zepe \u00f3ta j\u00e1rja a Fogyaszt\u00f3v\u00e9delmi Hat\u00f3s\u00e1g a boltokat, piacokat, bev\u00e1s\u00e1rl\u00f3k\u00f6zpontokat. A h\u00fasv\u00e9ti ellen\u0151rz\u00e9s alatt els\u0151sorban a szezon\u00e1lis term\u00e9kekre koncentr\u00e1lnak, \u00edgy a sonk\u00e1kra, a f\u00fcst\u00f6lt h\u00fasokra, valamint a csokinyuszikra, csokitoj\u00e1sokra. Az eddigi vizsg\u00e1latok eredm\u00e9nyei szerint id\u00e9n kevesebb szab\u00e1lys\u00e9rt\u00e9st, kevesebb figyelmetlens\u00e9get k\u00f6vettek el a keresked\u0151k. Huszonn\u00e9gy alkalommal szabtak ki b\u00edrs\u00e1got, \u00f6sszesen m\u00e1sf\u00e9l milli\u00f3 forint \u00e9rt\u00e9kben. J\u00f3 [&hellip;]<\/p>\n","protected":false},"author":2,"featured_media":0,"comment_status":"open","ping_status":"open","sticky":false,"template":"","format":"standard","meta":[],"categories":[24],"tags":[],"_links":{"self":[{"href":"http:\/\/archiv.szolnoktv.hu\/index.php?rest_route=\/wp\/v2\/posts\/30874"}],"collection":[{"href":"http:\/\/archiv.szolnoktv.hu\/index.php?rest_route=\/wp\/v2\/posts"}],"about":[{"href":"http:\/\/archiv.szolnoktv.hu\/index.php?rest_route=\/wp\/v2\/types\/post"}],"author":[{"embeddable":true,"href":"http:\/\/archiv.szolnoktv.hu\/index.php?rest_route=\/wp\/v2\/users\/2"}],"replies":[{"embeddable":true,"href":"http:\/\/archiv.szolnoktv.hu\/index.php?rest_route=%2Fwp%2Fv2%2Fcomments&post=30874"}],"version-history":[{"count":1,"href":"http:\/\/archiv.szolnoktv.hu\/index.php?rest_route=\/wp\/v2\/posts\/30874\/revisions"}],"predecessor-version":[{"id":31039,"href":"http:\/\/archiv.szolnoktv.hu\/index.php?rest_route=\/wp\/v2\/posts\/30874\/revisions\/31039"}],"wp:attachment":[{"href":"http:\/\/archiv.szolnoktv.hu\/index.php?rest_route=%2Fwp%2Fv2%2Fmedia&parent=30874"}],"wp:term":[{"taxonomy":"category","embeddable":true,"href":"http:\/\/archiv.szolnoktv.hu\/index.php?rest_route=%2Fwp%2Fv2%2Fcategories&post=30874"},{"taxonomy":"post_tag","embeddable":true,"href":"http:\/\/archiv.szolnoktv.hu\/index.php?rest_route=%2Fwp%2Fv2%2Ftags&post=30874"}],"curies":[{"name":"wp","href":"https:\/\/api.w.org\/{rel}","templated":true}]}}