{"id":30873,"date":"2008-03-20T18:05:32","date_gmt":"2008-03-20T18:05:32","guid":{"rendered":"http:\/\/archiv.szolnoktv.hu\/?p=30873"},"modified":"2021-11-17T13:27:36","modified_gmt":"2021-11-17T13:27:36","slug":"szelesedo-nyilvanossag","status":"publish","type":"post","link":"http:\/\/archiv.szolnoktv.hu\/?p=30873","title":{"rendered":"Sz\u00e9lesed\u0151 nyilv\u00e1noss\u00e1g"},"content":{"rendered":"<div class='booster-block booster-read-block'><\/div><p>Civil kontroll alatt szeretn\u00e9 tartani a Szolnokiak Szolnok\u00e9rt Egyes\u00fclet az egykori Damjanich uszoda \u00e9rt\u00e9kes\u00edt\u00e9s\u00e9nek folyamat\u00e1t. A szervezet a k\u00f6zszolg\u00e1ltat\u00f3k \u00e9s az \u00f6nkorm\u00e1nyzat k\u00f6z\u00f6tt l\u00e9trej\u00f6tt szerz\u0151d\u00e9sekre is k\u00edv\u00e1ncsi.<br \/>\nNagy sikerk\u00e9nt \u00e9rt\u00e9kelte mai t\u00e1j\u00e9koztat\u00f3j\u00e1n Gedei Tibor a kez\u00e9ben tartott szerz\u0151d\u00e9s- m\u00e1solatot. A kontraktus 2004 december\u00e9ben k\u00f6ttetett, al\u00e1\u00edr\u00f3i pedig az \u00f6nkorm\u00e1nyzat \u00e9s a v\u00edzm\u0171vek k\u00e9pvisel\u0151i. A Szolnokiak Szolnok\u00e9rt egyes\u00fclet k\u00e9pvisel\u0151je b\u00edzik abban, hogy- mint fogalmazott- munk\u00e1juknak is k\u00f6sz\u00f6nhet\u0151en sz\u00e9lesedik a nyilv\u00e1noss\u00e1g, azaz hamarosan a Remondis \u00e9s az Alfa Nova szerz\u0151d\u00e9sei is olvashat\u00f3k lesznek. A legnagyobb nyilv\u00e1noss\u00e1got az jelenten\u00e9- folytatta Gedei Tibor, ha a v\u00e1ros saj\u00e1t honlapj\u00e1n tenn\u00e9 k\u00f6zz\u00e9. Ett\u0151l f\u00fcggetlen\u00fcl a civil szervezet k\u00fcl\u00f6nb\u00f6z\u0151 internetes f\u00f3rumokon elhelyezi az \u00e1ltala k\u00f6z\u00e9rdekl\u0151d\u00e9sre sz\u00e1mot tart\u00f3 nyilv\u00e1nos adatokat.<\/p>\n","protected":false},"excerpt":{"rendered":"<p>Civil kontroll alatt szeretn\u00e9 tartani a Szolnokiak Szolnok\u00e9rt Egyes\u00fclet az egykori Damjanich uszoda \u00e9rt\u00e9kes\u00edt\u00e9s\u00e9nek folyamat\u00e1t. A szervezet a k\u00f6zszolg\u00e1ltat\u00f3k \u00e9s az \u00f6nkorm\u00e1nyzat k\u00f6z\u00f6tt l\u00e9trej\u00f6tt szerz\u0151d\u00e9sekre is k\u00edv\u00e1ncsi. Nagy sikerk\u00e9nt \u00e9rt\u00e9kelte mai t\u00e1j\u00e9koztat\u00f3j\u00e1n Gedei Tibor a kez\u00e9ben tartott szerz\u0151d\u00e9s- m\u00e1solatot. A kontraktus 2004 december\u00e9ben k\u00f6ttetett, al\u00e1\u00edr\u00f3i pedig az \u00f6nkorm\u00e1nyzat \u00e9s a v\u00edzm\u0171vek k\u00e9pvisel\u0151i. A Szolnokiak Szolnok\u00e9rt [&hellip;]<\/p>\n","protected":false},"author":2,"featured_media":0,"comment_status":"open","ping_status":"open","sticky":false,"template":"","format":"standard","meta":[],"categories":[24],"tags":[],"_links":{"self":[{"href":"http:\/\/archiv.szolnoktv.hu\/index.php?rest_route=\/wp\/v2\/posts\/30873"}],"collection":[{"href":"http:\/\/archiv.szolnoktv.hu\/index.php?rest_route=\/wp\/v2\/posts"}],"about":[{"href":"http:\/\/archiv.szolnoktv.hu\/index.php?rest_route=\/wp\/v2\/types\/post"}],"author":[{"embeddable":true,"href":"http:\/\/archiv.szolnoktv.hu\/index.php?rest_route=\/wp\/v2\/users\/2"}],"replies":[{"embeddable":true,"href":"http:\/\/archiv.szolnoktv.hu\/index.php?rest_route=%2Fwp%2Fv2%2Fcomments&post=30873"}],"version-history":[{"count":1,"href":"http:\/\/archiv.szolnoktv.hu\/index.php?rest_route=\/wp\/v2\/posts\/30873\/revisions"}],"predecessor-version":[{"id":31040,"href":"http:\/\/archiv.szolnoktv.hu\/index.php?rest_route=\/wp\/v2\/posts\/30873\/revisions\/31040"}],"wp:attachment":[{"href":"http:\/\/archiv.szolnoktv.hu\/index.php?rest_route=%2Fwp%2Fv2%2Fmedia&parent=30873"}],"wp:term":[{"taxonomy":"category","embeddable":true,"href":"http:\/\/archiv.szolnoktv.hu\/index.php?rest_route=%2Fwp%2Fv2%2Fcategories&post=30873"},{"taxonomy":"post_tag","embeddable":true,"href":"http:\/\/archiv.szolnoktv.hu\/index.php?rest_route=%2Fwp%2Fv2%2Ftags&post=30873"}],"curies":[{"name":"wp","href":"https:\/\/api.w.org\/{rel}","templated":true}]}}