{"id":30872,"date":"2008-03-20T18:05:06","date_gmt":"2008-03-20T18:05:06","guid":{"rendered":"http:\/\/archiv.szolnoktv.hu\/?p=30872"},"modified":"2021-11-17T13:27:36","modified_gmt":"2021-11-17T13:27:36","slug":"torvenytelen-a-megye","status":"publish","type":"post","link":"http:\/\/archiv.szolnoktv.hu\/?p=30872","title":{"rendered":"T\u00f6rv\u00e9nytelen a megye?"},"content":{"rendered":"<div class='booster-block booster-read-block'><\/div><p>A megyei k\u00f6zgy\u0171l\u00e9s szerd\u00e1n \u00fagy d\u00f6nt\u00f6tt, hogy m\u00e1rcius v\u00e9g\u00e9ig megfizeti a Het\u00e9nyi k\u00f3rh\u00e1znak a vizit- \u00e9s napid\u00edjakat. \u00c1prilis elsej\u00e9t\u0151l a n\u00e9pszavaz\u00e1s elt\u00f6r\u00f6lte ezeket a fizetni val\u00f3kat.<br \/>\nA p\u00e9nz\u00fcgyminiszt\u00e9rium szocialista \u00e1llamtitk\u00e1ra, Keller L\u00e1szl\u00f3 a Szolnok Tv-nek azt mondta: ez t\u00f6rv\u00e9nys\u00e9rt\u0151. A megyei k\u00f6zgy\u0171l\u00e9s eln\u00f6ke, Fej\u00e9r Andor nehezm\u00e9nyezte, hogy Keller nem nevezte meg a megs\u00e9rtett t\u00f6rv\u00e9nyt. Most azt vizsg\u00e1lj\u00e1k, hogy a gyakran meggondolatlanul nyilatkoz\u00f3 Keller L\u00e1szl\u00f3 milyen m\u00e9rt\u00e9kben s\u00e9rtette meg a v\u00e1lasztott k\u00e9pvisel\u0151k presztizs\u00e9t, becs\u00fclet\u00e9t, hiszen rajtuk kereszt\u00fcl szavaz\u00f3k t\u00edz-\u00e9s sz\u00e1zezreit is min\u0151s\u00edtette az \u00e1llami hivatalnok.  Ha kell, perrel \u00e9lnek a v\u00e1daskod\u00f3 \u00e1llamtitk\u00e1r ellen &#8211; mondta Fej\u00e9r Andor, a J\u00e1sz-Nagykun-Szolnok megyei k\u00f6zgy\u0171l\u00e9s eln\u00f6ke. A megyei k\u00f6zigazgat\u00e1si hivatal, a t\u00f6rv\u00e9nyess\u00e9gi fel\u00fcgyelet gyakorl\u00f3ja a hat\u00e1rozat k\u00e9zhezv\u00e9tele ut\u00e1n alaposan megvizsg\u00e1lja azt \u00e9s csak azut\u00e1n nyilatkozik a t\u00f6rv\u00e9nyess\u00e9g k\u00e9rd\u00e9s\u00e9r\u0151l.<\/p>\n","protected":false},"excerpt":{"rendered":"<p>A megyei k\u00f6zgy\u0171l\u00e9s szerd\u00e1n \u00fagy d\u00f6nt\u00f6tt, hogy m\u00e1rcius v\u00e9g\u00e9ig megfizeti a Het\u00e9nyi k\u00f3rh\u00e1znak a vizit- \u00e9s napid\u00edjakat. \u00c1prilis elsej\u00e9t\u0151l a n\u00e9pszavaz\u00e1s elt\u00f6r\u00f6lte ezeket a fizetni val\u00f3kat. A p\u00e9nz\u00fcgyminiszt\u00e9rium szocialista \u00e1llamtitk\u00e1ra, Keller L\u00e1szl\u00f3 a Szolnok Tv-nek azt mondta: ez t\u00f6rv\u00e9nys\u00e9rt\u0151. A megyei k\u00f6zgy\u0171l\u00e9s eln\u00f6ke, Fej\u00e9r Andor nehezm\u00e9nyezte, hogy Keller nem nevezte meg a megs\u00e9rtett t\u00f6rv\u00e9nyt. Most [&hellip;]<\/p>\n","protected":false},"author":2,"featured_media":0,"comment_status":"open","ping_status":"open","sticky":false,"template":"","format":"standard","meta":[],"categories":[24],"tags":[],"_links":{"self":[{"href":"http:\/\/archiv.szolnoktv.hu\/index.php?rest_route=\/wp\/v2\/posts\/30872"}],"collection":[{"href":"http:\/\/archiv.szolnoktv.hu\/index.php?rest_route=\/wp\/v2\/posts"}],"about":[{"href":"http:\/\/archiv.szolnoktv.hu\/index.php?rest_route=\/wp\/v2\/types\/post"}],"author":[{"embeddable":true,"href":"http:\/\/archiv.szolnoktv.hu\/index.php?rest_route=\/wp\/v2\/users\/2"}],"replies":[{"embeddable":true,"href":"http:\/\/archiv.szolnoktv.hu\/index.php?rest_route=%2Fwp%2Fv2%2Fcomments&post=30872"}],"version-history":[{"count":1,"href":"http:\/\/archiv.szolnoktv.hu\/index.php?rest_route=\/wp\/v2\/posts\/30872\/revisions"}],"predecessor-version":[{"id":31041,"href":"http:\/\/archiv.szolnoktv.hu\/index.php?rest_route=\/wp\/v2\/posts\/30872\/revisions\/31041"}],"wp:attachment":[{"href":"http:\/\/archiv.szolnoktv.hu\/index.php?rest_route=%2Fwp%2Fv2%2Fmedia&parent=30872"}],"wp:term":[{"taxonomy":"category","embeddable":true,"href":"http:\/\/archiv.szolnoktv.hu\/index.php?rest_route=%2Fwp%2Fv2%2Fcategories&post=30872"},{"taxonomy":"post_tag","embeddable":true,"href":"http:\/\/archiv.szolnoktv.hu\/index.php?rest_route=%2Fwp%2Fv2%2Ftags&post=30872"}],"curies":[{"name":"wp","href":"https:\/\/api.w.org\/{rel}","templated":true}]}}