{"id":30870,"date":"2008-03-19T19:16:11","date_gmt":"2008-03-19T19:16:11","guid":{"rendered":"http:\/\/archiv.szolnoktv.hu\/?p=30870"},"modified":"2021-11-17T13:27:37","modified_gmt":"2021-11-17T13:27:37","slug":"a-viz-vilagnapja","status":"publish","type":"post","link":"http:\/\/archiv.szolnoktv.hu\/?p=30870","title":{"rendered":"A V\u00edz Vil\u00e1gnapja"},"content":{"rendered":"<div class='booster-block booster-read-block'><\/div><p>M\u00e1rcius 22. a V\u00edz Vil\u00e1gnapja. Ebb\u0151l az aprop\u00f3b\u00f3l a szolnoki \u00e1ltal\u00e1nos iskol\u00e1soknak a K\u00f6z\u00e9p-Tisza Vid\u00e9ki K\u00f6rnyezetv\u00e9delmi \u00e9s V\u00edz\u00fcgyi Igazgat\u00f3s\u00e1g vet\u00e9lked\u0151t szervezett. A rendezv\u00e9ny f\u0151 c\u00e9lja, hogy a feln\u00f6vekv\u0151 gener\u00e1ci\u00f3 t\u00f6r\u0151dj\u00f6n a foly\u00f3k, tavak tisztas\u00e1g\u00e1val, ne szennyezze a k\u00f6rnyezetet \u00e9s takar\u00e9koskodjon az emberis\u00e9g legf\u00e9ltettebb kincs\u00e9vel, a v\u00edzzel.<\/p>\n","protected":false},"excerpt":{"rendered":"<p>M\u00e1rcius 22. a V\u00edz Vil\u00e1gnapja. Ebb\u0151l az aprop\u00f3b\u00f3l a szolnoki \u00e1ltal\u00e1nos iskol\u00e1soknak a K\u00f6z\u00e9p-Tisza Vid\u00e9ki K\u00f6rnyezetv\u00e9delmi \u00e9s V\u00edz\u00fcgyi Igazgat\u00f3s\u00e1g vet\u00e9lked\u0151t szervezett. A rendezv\u00e9ny f\u0151 c\u00e9lja, hogy a feln\u00f6vekv\u0151 gener\u00e1ci\u00f3 t\u00f6r\u0151dj\u00f6n a foly\u00f3k, tavak tisztas\u00e1g\u00e1val, ne szennyezze a k\u00f6rnyezetet \u00e9s takar\u00e9koskodjon az emberis\u00e9g legf\u00e9ltettebb kincs\u00e9vel, a v\u00edzzel.<\/p>\n","protected":false},"author":2,"featured_media":0,"comment_status":"open","ping_status":"open","sticky":false,"template":"","format":"standard","meta":[],"categories":[24],"tags":[],"_links":{"self":[{"href":"http:\/\/archiv.szolnoktv.hu\/index.php?rest_route=\/wp\/v2\/posts\/30870"}],"collection":[{"href":"http:\/\/archiv.szolnoktv.hu\/index.php?rest_route=\/wp\/v2\/posts"}],"about":[{"href":"http:\/\/archiv.szolnoktv.hu\/index.php?rest_route=\/wp\/v2\/types\/post"}],"author":[{"embeddable":true,"href":"http:\/\/archiv.szolnoktv.hu\/index.php?rest_route=\/wp\/v2\/users\/2"}],"replies":[{"embeddable":true,"href":"http:\/\/archiv.szolnoktv.hu\/index.php?rest_route=%2Fwp%2Fv2%2Fcomments&post=30870"}],"version-history":[{"count":1,"href":"http:\/\/archiv.szolnoktv.hu\/index.php?rest_route=\/wp\/v2\/posts\/30870\/revisions"}],"predecessor-version":[{"id":31043,"href":"http:\/\/archiv.szolnoktv.hu\/index.php?rest_route=\/wp\/v2\/posts\/30870\/revisions\/31043"}],"wp:attachment":[{"href":"http:\/\/archiv.szolnoktv.hu\/index.php?rest_route=%2Fwp%2Fv2%2Fmedia&parent=30870"}],"wp:term":[{"taxonomy":"category","embeddable":true,"href":"http:\/\/archiv.szolnoktv.hu\/index.php?rest_route=%2Fwp%2Fv2%2Fcategories&post=30870"},{"taxonomy":"post_tag","embeddable":true,"href":"http:\/\/archiv.szolnoktv.hu\/index.php?rest_route=%2Fwp%2Fv2%2Ftags&post=30870"}],"curies":[{"name":"wp","href":"https:\/\/api.w.org\/{rel}","templated":true}]}}