{"id":30869,"date":"2008-03-19T19:15:48","date_gmt":"2008-03-19T19:15:48","guid":{"rendered":"http:\/\/archiv.szolnoktv.hu\/?p=30869"},"modified":"2021-11-17T13:27:37","modified_gmt":"2021-11-17T13:27:37","slug":"uj-elnok-az-alapitvany-elen","status":"publish","type":"post","link":"http:\/\/archiv.szolnoktv.hu\/?p=30869","title":{"rendered":"\u00daj eln\u00f6k az alap\u00edtv\u00e1ny \u00e9l\u00e9n"},"content":{"rendered":"<div class='booster-block booster-read-block'><\/div><p>A Szolnok V\u00e1ros J\u00f6v\u0151j\u00e9\u00e9rt Alap\u00edtv\u00e1ny kurat\u00f3riumi eln\u00f6ke csaknem 10 \u00e9vig Csepeli Lajos volt. \u00d5 azonban m\u00e1r nem tudta tov\u00e1bb v\u00e1llalni ezt a tiszts\u00e9get, hiszen tavaly ny\u00e1ron nevezt\u00e9k ki a Coop Hungary Zrt eln\u00f6k\u00e9v\u00e9. Az alap\u00edtv\u00e1ny \u00faj kurat\u00f3riumi eln\u00f6ke Ondr\u00e9k R\u00f3bert lett. K\u00e9rd\u00e9s\u00fcnkre, hogy hogyan k\u00e9pzeli el a k\u00f6vetkez\u0151 \u00f6t \u00e9vet, azt felelte, folytatni k\u00edv\u00e1nja a hagyom\u00e1nyokat, azaz Szolnok tereit, utc\u00e1it szebb\u00e9, bar\u00e1ts\u00e1gosabb\u00e1 tenni. Az alap\u00edtv\u00e1ny idei terve, hogy embernagys\u00e1g\u00fa k\u00f6zt\u00e9ri szobrokat \u00e1ll\u00edttasson a meg\u00fajult Kossuth t\u00e9ren.<\/p>\n","protected":false},"excerpt":{"rendered":"<p>A Szolnok V\u00e1ros J\u00f6v\u0151j\u00e9\u00e9rt Alap\u00edtv\u00e1ny kurat\u00f3riumi eln\u00f6ke csaknem 10 \u00e9vig Csepeli Lajos volt. \u00d5 azonban m\u00e1r nem tudta tov\u00e1bb v\u00e1llalni ezt a tiszts\u00e9get, hiszen tavaly ny\u00e1ron nevezt\u00e9k ki a Coop Hungary Zrt eln\u00f6k\u00e9v\u00e9. Az alap\u00edtv\u00e1ny \u00faj kurat\u00f3riumi eln\u00f6ke Ondr\u00e9k R\u00f3bert lett. K\u00e9rd\u00e9s\u00fcnkre, hogy hogyan k\u00e9pzeli el a k\u00f6vetkez\u0151 \u00f6t \u00e9vet, azt felelte, folytatni k\u00edv\u00e1nja a [&hellip;]<\/p>\n","protected":false},"author":2,"featured_media":0,"comment_status":"open","ping_status":"open","sticky":false,"template":"","format":"standard","meta":[],"categories":[24],"tags":[],"_links":{"self":[{"href":"http:\/\/archiv.szolnoktv.hu\/index.php?rest_route=\/wp\/v2\/posts\/30869"}],"collection":[{"href":"http:\/\/archiv.szolnoktv.hu\/index.php?rest_route=\/wp\/v2\/posts"}],"about":[{"href":"http:\/\/archiv.szolnoktv.hu\/index.php?rest_route=\/wp\/v2\/types\/post"}],"author":[{"embeddable":true,"href":"http:\/\/archiv.szolnoktv.hu\/index.php?rest_route=\/wp\/v2\/users\/2"}],"replies":[{"embeddable":true,"href":"http:\/\/archiv.szolnoktv.hu\/index.php?rest_route=%2Fwp%2Fv2%2Fcomments&post=30869"}],"version-history":[{"count":1,"href":"http:\/\/archiv.szolnoktv.hu\/index.php?rest_route=\/wp\/v2\/posts\/30869\/revisions"}],"predecessor-version":[{"id":31044,"href":"http:\/\/archiv.szolnoktv.hu\/index.php?rest_route=\/wp\/v2\/posts\/30869\/revisions\/31044"}],"wp:attachment":[{"href":"http:\/\/archiv.szolnoktv.hu\/index.php?rest_route=%2Fwp%2Fv2%2Fmedia&parent=30869"}],"wp:term":[{"taxonomy":"category","embeddable":true,"href":"http:\/\/archiv.szolnoktv.hu\/index.php?rest_route=%2Fwp%2Fv2%2Fcategories&post=30869"},{"taxonomy":"post_tag","embeddable":true,"href":"http:\/\/archiv.szolnoktv.hu\/index.php?rest_route=%2Fwp%2Fv2%2Ftags&post=30869"}],"curies":[{"name":"wp","href":"https:\/\/api.w.org\/{rel}","templated":true}]}}