{"id":30867,"date":"2008-03-19T19:01:46","date_gmt":"2008-03-19T19:01:46","guid":{"rendered":"http:\/\/archiv.szolnoktv.hu\/?p=30867"},"modified":"2021-11-17T13:27:37","modified_gmt":"2021-11-17T13:27:37","slug":"potolni-kell-a-kieso-vizitdijat","status":"publish","type":"post","link":"http:\/\/archiv.szolnoktv.hu\/?p=30867","title":{"rendered":"P\u00f3tolni kell a kies\u0151 vizitd\u00edjat"},"content":{"rendered":"<div class='booster-block booster-read-block'><\/div><p>A szolnoki Fidesz frakci\u00f3 az \u00f6nkorm\u00e1nyzat seg\u00edts\u00e9g\u00e9t k\u00e9ri a vizitd\u00edj elt\u00f6rl\u00e9se miatt kies\u0151 forr\u00e1sok kompenz\u00e1l\u00e1s\u00e1ra. A megyesz\u00e9khelyen praktiz\u00e1l\u00f3 t\u00f6bb mint 60 h\u00e1ziorvos \u00e1tlag 100 ezer forint bev\u00e9telt\u0151l esik el \u00e1prilis elsej\u00e9t\u0151l.  A hi\u00e1nyz\u00f3 forr\u00e1st viszont mindenk\u00e9ppen p\u00f3tolni kell, e n\u00e9lk\u00fcl ugyanis sem az alapell\u00e1t\u00e1s biztons\u00e1g\u00e1nak megteremt\u00e9se, sem pedig a praxisok finansz\u00edroz\u00e1sa nem megoldott. Megold\u00e1s egyel\u0151re m\u00e9g nincs, a t\u00e1rgyal\u00e1sok azonban elkezd\u0151dtek. Az \u00fcgyben v\u00e1rhat\u00f3an az \u00e1prilis k\u00f6zgy\u0171l\u00e9sen sz\u00fcletik d\u00f6nt\u00e9s.<\/p>\n","protected":false},"excerpt":{"rendered":"<p>A szolnoki Fidesz frakci\u00f3 az \u00f6nkorm\u00e1nyzat seg\u00edts\u00e9g\u00e9t k\u00e9ri a vizitd\u00edj elt\u00f6rl\u00e9se miatt kies\u0151 forr\u00e1sok kompenz\u00e1l\u00e1s\u00e1ra. A megyesz\u00e9khelyen praktiz\u00e1l\u00f3 t\u00f6bb mint 60 h\u00e1ziorvos \u00e1tlag 100 ezer forint bev\u00e9telt\u0151l esik el \u00e1prilis elsej\u00e9t\u0151l. A hi\u00e1nyz\u00f3 forr\u00e1st viszont mindenk\u00e9ppen p\u00f3tolni kell, e n\u00e9lk\u00fcl ugyanis sem az alapell\u00e1t\u00e1s biztons\u00e1g\u00e1nak megteremt\u00e9se, sem pedig a praxisok finansz\u00edroz\u00e1sa nem megoldott. Megold\u00e1s egyel\u0151re [&hellip;]<\/p>\n","protected":false},"author":2,"featured_media":0,"comment_status":"open","ping_status":"open","sticky":false,"template":"","format":"standard","meta":[],"categories":[24],"tags":[],"_links":{"self":[{"href":"http:\/\/archiv.szolnoktv.hu\/index.php?rest_route=\/wp\/v2\/posts\/30867"}],"collection":[{"href":"http:\/\/archiv.szolnoktv.hu\/index.php?rest_route=\/wp\/v2\/posts"}],"about":[{"href":"http:\/\/archiv.szolnoktv.hu\/index.php?rest_route=\/wp\/v2\/types\/post"}],"author":[{"embeddable":true,"href":"http:\/\/archiv.szolnoktv.hu\/index.php?rest_route=\/wp\/v2\/users\/2"}],"replies":[{"embeddable":true,"href":"http:\/\/archiv.szolnoktv.hu\/index.php?rest_route=%2Fwp%2Fv2%2Fcomments&post=30867"}],"version-history":[{"count":1,"href":"http:\/\/archiv.szolnoktv.hu\/index.php?rest_route=\/wp\/v2\/posts\/30867\/revisions"}],"predecessor-version":[{"id":31046,"href":"http:\/\/archiv.szolnoktv.hu\/index.php?rest_route=\/wp\/v2\/posts\/30867\/revisions\/31046"}],"wp:attachment":[{"href":"http:\/\/archiv.szolnoktv.hu\/index.php?rest_route=%2Fwp%2Fv2%2Fmedia&parent=30867"}],"wp:term":[{"taxonomy":"category","embeddable":true,"href":"http:\/\/archiv.szolnoktv.hu\/index.php?rest_route=%2Fwp%2Fv2%2Fcategories&post=30867"},{"taxonomy":"post_tag","embeddable":true,"href":"http:\/\/archiv.szolnoktv.hu\/index.php?rest_route=%2Fwp%2Fv2%2Ftags&post=30867"}],"curies":[{"name":"wp","href":"https:\/\/api.w.org\/{rel}","templated":true}]}}