{"id":30865,"date":"2008-03-19T19:00:07","date_gmt":"2008-03-19T19:00:07","guid":{"rendered":"http:\/\/archiv.szolnoktv.hu\/?p=30865"},"modified":"2021-11-17T13:27:37","modified_gmt":"2021-11-17T13:27:37","slug":"megyepenz-a-hetenyi-korhaznak","status":"publish","type":"post","link":"http:\/\/archiv.szolnoktv.hu\/?p=30865","title":{"rendered":"Megyep\u00e9nz a Het\u00e9nyi k\u00f3rh\u00e1znak"},"content":{"rendered":"<div class='booster-block booster-read-block'><\/div><p>A n\u00e9pszavaz\u00e1ssal elt\u00f6r\u00f6lt vizit- \u00e9s napid\u00edj p\u00e9nz\u00fcgyi gondokat jelenthet a megyei k\u00f3rh\u00e1znak. Havonta ak\u00e1r t\u00edzmilli\u00f3 forint is hi\u00e1nyozhat a kassz\u00e1b\u00f3l. M\u00e1rcius v\u00e9g\u00e9ig a megyei \u00f6nkorm\u00e1nyzat \u00e1llja a &#8222;cehhet&#8221;, azaz \u00e1tutal  n\u00e9gymilli\u00f3 forintot.<br \/>\nA megyei \u00f6nkorm\u00e1nyzat rendk\u00edv\u00fcli \u00fcl\u00e9s\u00e9n hozta meg ezt a d\u00f6nt\u00e9st, igaz, nem egyhang\u00falag. A jelenl\u00e9v\u0151 36 k\u00e9pvisel\u0151 k\u00f6z\u00fcl 25 a p\u00e9nz \u00e1tutal\u00e1s\u00e1ra voksolt, kilencen nemet mondtak, ketten tart\u00f3zkodtak. Az igeneket els\u0151sorban a polg\u00e1ri oldal k\u00e9pvisel\u0151i jelezt\u00e9k, de \u00f6sszesen csak huszonketten vannak, \u00edgy minden bizonnyal baloldali-korm\u00e1nyp\u00e1rti megyegy\u0171l\u00e9s tagok is igen gombot nyomtak. Ugyanezen a rendk\u00edv\u00fcli k\u00f6zgy\u0171l\u00e9sen d\u00f6nt\u00f6ttek a megyei f\u0151jegyz\u0151 \u00e1ll\u00e1s\u00e1nak meghirdet\u00e9s\u00e9r\u0151l is. A jelentkez\u0151k k\u00f6z\u00fcl kiv\u00e1lasztott p\u00e1ly\u00e1z\u00f3 m\u00e1r m\u00e1jus elsej\u00e9n kezdheti is a munk\u00e1t. A p\u00e1ly\u00e1zat ki\u00edr\u00e1sa Bozs\u00f3 P\u00e9ter f\u0151jegyz\u0151 k\u00f6zelm\u00faltb\u00e9li hal\u00e1la miatt v\u00e1lt sz\u00fcks\u00e9gess\u00e9. \u00d6zvegye vette \u00e1t a &#8222;K\u00f6z szolg\u00e1lat\u00e9rt&#8221; \u00e9rdemjel arany fokozat\u00e1t.<\/p>\n","protected":false},"excerpt":{"rendered":"<p>A n\u00e9pszavaz\u00e1ssal elt\u00f6r\u00f6lt vizit- \u00e9s napid\u00edj p\u00e9nz\u00fcgyi gondokat jelenthet a megyei k\u00f3rh\u00e1znak. Havonta ak\u00e1r t\u00edzmilli\u00f3 forint is hi\u00e1nyozhat a kassz\u00e1b\u00f3l. M\u00e1rcius v\u00e9g\u00e9ig a megyei \u00f6nkorm\u00e1nyzat \u00e1llja a &#8222;cehhet&#8221;, azaz \u00e1tutal n\u00e9gymilli\u00f3 forintot. A megyei \u00f6nkorm\u00e1nyzat rendk\u00edv\u00fcli \u00fcl\u00e9s\u00e9n hozta meg ezt a d\u00f6nt\u00e9st, igaz, nem egyhang\u00falag. A jelenl\u00e9v\u0151 36 k\u00e9pvisel\u0151 k\u00f6z\u00fcl 25 a p\u00e9nz \u00e1tutal\u00e1s\u00e1ra voksolt, [&hellip;]<\/p>\n","protected":false},"author":2,"featured_media":0,"comment_status":"open","ping_status":"open","sticky":false,"template":"","format":"standard","meta":[],"categories":[24],"tags":[],"_links":{"self":[{"href":"http:\/\/archiv.szolnoktv.hu\/index.php?rest_route=\/wp\/v2\/posts\/30865"}],"collection":[{"href":"http:\/\/archiv.szolnoktv.hu\/index.php?rest_route=\/wp\/v2\/posts"}],"about":[{"href":"http:\/\/archiv.szolnoktv.hu\/index.php?rest_route=\/wp\/v2\/types\/post"}],"author":[{"embeddable":true,"href":"http:\/\/archiv.szolnoktv.hu\/index.php?rest_route=\/wp\/v2\/users\/2"}],"replies":[{"embeddable":true,"href":"http:\/\/archiv.szolnoktv.hu\/index.php?rest_route=%2Fwp%2Fv2%2Fcomments&post=30865"}],"version-history":[{"count":1,"href":"http:\/\/archiv.szolnoktv.hu\/index.php?rest_route=\/wp\/v2\/posts\/30865\/revisions"}],"predecessor-version":[{"id":31048,"href":"http:\/\/archiv.szolnoktv.hu\/index.php?rest_route=\/wp\/v2\/posts\/30865\/revisions\/31048"}],"wp:attachment":[{"href":"http:\/\/archiv.szolnoktv.hu\/index.php?rest_route=%2Fwp%2Fv2%2Fmedia&parent=30865"}],"wp:term":[{"taxonomy":"category","embeddable":true,"href":"http:\/\/archiv.szolnoktv.hu\/index.php?rest_route=%2Fwp%2Fv2%2Fcategories&post=30865"},{"taxonomy":"post_tag","embeddable":true,"href":"http:\/\/archiv.szolnoktv.hu\/index.php?rest_route=%2Fwp%2Fv2%2Ftags&post=30865"}],"curies":[{"name":"wp","href":"https:\/\/api.w.org\/{rel}","templated":true}]}}