{"id":30774,"date":"2008-03-18T18:33:00","date_gmt":"2008-03-18T18:33:00","guid":{"rendered":"http:\/\/archiv.szolnoktv.hu\/?p=30774"},"modified":"2021-11-17T11:50:55","modified_gmt":"2021-11-17T11:50:55","slug":"utonallo-viragagyas","status":"publish","type":"post","link":"http:\/\/archiv.szolnoktv.hu\/?p=30774","title":{"rendered":"\u00daton\u00e1ll\u00f3 vir\u00e1g\u00e1gy\u00e1s"},"content":{"rendered":"<div class='booster-block booster-read-block'><\/div><p>Beton vir\u00e1gl\u00e1d\u00e1kkal rekesztett\u00e9k el a S\u00f3h\u00e1z \u00fat egy szakasz\u00e1t. Az int\u00e9zked\u00e9ssel el\u00e9gedetlenked\u0151k arr\u00e9bb tolt\u00e1k a m\u00e9retes \u00fatakad\u00e1lyt.<br \/>\nA m\u00falt h\u00e9ten p\u00e9nteken a S\u00f3h\u00e1z \u00faton lerakott beton vir\u00e1gl\u00e1d\u00e1kat tegnap ismeretlenek elrakt\u00e1k az \u00fatb\u00f3l. Az\u00f3ta m\u00e1r vissza ker\u00fcltek eredeti hely\u00fckre, de a Polg\u00e1rmesteri Hivatal M\u0171szaki Fejleszt\u00e9si Oszt\u00e1ly\u00e1n azt mondt\u00e1k, ezen k\u00edv\u00fcl m\u00e1st nem tehetnek. N\u00e9h\u00e1ny h\u00f3napon bel\u00fcl a m\u00e9retes vir\u00e1g\u00e1gy\u00e1sokat olyan oszlopokra cser\u00e9lik, mint amilyenekkel a Tisza Sz\u00e1ll\u00f3 el\u0151tti \u00fatszakaszon tal\u00e1lkozhatunk.<\/p>\n","protected":false},"excerpt":{"rendered":"<p>Beton vir\u00e1gl\u00e1d\u00e1kkal rekesztett\u00e9k el a S\u00f3h\u00e1z \u00fat egy szakasz\u00e1t. Az int\u00e9zked\u00e9ssel el\u00e9gedetlenked\u0151k arr\u00e9bb tolt\u00e1k a m\u00e9retes \u00fatakad\u00e1lyt. A m\u00falt h\u00e9ten p\u00e9nteken a S\u00f3h\u00e1z \u00faton lerakott beton vir\u00e1gl\u00e1d\u00e1kat tegnap ismeretlenek elrakt\u00e1k az \u00fatb\u00f3l. Az\u00f3ta m\u00e1r vissza ker\u00fcltek eredeti hely\u00fckre, de a Polg\u00e1rmesteri Hivatal M\u0171szaki Fejleszt\u00e9si Oszt\u00e1ly\u00e1n azt mondt\u00e1k, ezen k\u00edv\u00fcl m\u00e1st nem tehetnek. N\u00e9h\u00e1ny h\u00f3napon bel\u00fcl [&hellip;]<\/p>\n","protected":false},"author":2,"featured_media":0,"comment_status":"open","ping_status":"open","sticky":false,"template":"","format":"standard","meta":[],"categories":[24],"tags":[],"_links":{"self":[{"href":"http:\/\/archiv.szolnoktv.hu\/index.php?rest_route=\/wp\/v2\/posts\/30774"}],"collection":[{"href":"http:\/\/archiv.szolnoktv.hu\/index.php?rest_route=\/wp\/v2\/posts"}],"about":[{"href":"http:\/\/archiv.szolnoktv.hu\/index.php?rest_route=\/wp\/v2\/types\/post"}],"author":[{"embeddable":true,"href":"http:\/\/archiv.szolnoktv.hu\/index.php?rest_route=\/wp\/v2\/users\/2"}],"replies":[{"embeddable":true,"href":"http:\/\/archiv.szolnoktv.hu\/index.php?rest_route=%2Fwp%2Fv2%2Fcomments&post=30774"}],"version-history":[{"count":1,"href":"http:\/\/archiv.szolnoktv.hu\/index.php?rest_route=\/wp\/v2\/posts\/30774\/revisions"}],"predecessor-version":[{"id":30775,"href":"http:\/\/archiv.szolnoktv.hu\/index.php?rest_route=\/wp\/v2\/posts\/30774\/revisions\/30775"}],"wp:attachment":[{"href":"http:\/\/archiv.szolnoktv.hu\/index.php?rest_route=%2Fwp%2Fv2%2Fmedia&parent=30774"}],"wp:term":[{"taxonomy":"category","embeddable":true,"href":"http:\/\/archiv.szolnoktv.hu\/index.php?rest_route=%2Fwp%2Fv2%2Fcategories&post=30774"},{"taxonomy":"post_tag","embeddable":true,"href":"http:\/\/archiv.szolnoktv.hu\/index.php?rest_route=%2Fwp%2Fv2%2Ftags&post=30774"}],"curies":[{"name":"wp","href":"https:\/\/api.w.org\/{rel}","templated":true}]}}