{"id":30773,"date":"2008-03-18T18:18:33","date_gmt":"2008-03-18T18:18:33","guid":{"rendered":"http:\/\/archiv.szolnoktv.hu\/?p=30773"},"modified":"2021-11-17T11:50:55","modified_gmt":"2021-11-17T11:50:55","slug":"kituntetesek","status":"publish","type":"post","link":"http:\/\/archiv.szolnoktv.hu\/?p=30773","title":{"rendered":"Kit\u00fcntet\u00e9sek"},"content":{"rendered":"<div class='booster-block booster-read-block'><\/div><p>Az \u00e1llami kit\u00fcntet\u00e9seket Lamperth M\u00f3nika t\u00e1rcavezet\u0151 adta \u00e1t cs\u00fct\u00f6rt\u00f6k\u00f6n a Szoci\u00e1lis \u00e9s Munka\u00fcgyi Miniszt\u00e9riumban. Elismer\u00e9st vehetett \u00e1t a COOP- Szolnok eln\u00f6k vez\u00e9rigazgat\u00f3ja is. Csepeli Lajos &#8211; aki egyben a COOP Hungary ZRT. eln\u00f6ke is &#8211; a Magyar K\u00f6zt\u00e1rsas\u00e1gi \u00c9rdemrend lovagkeresztj\u00e9t kapta kiv\u00e9telesen magas sz\u00ednvonalon kifejtett munk\u00e1ss\u00e1g\u00e1\u00e9rt, el\u00e9v\u00fclhetetlen \u00e9rdemei\u00e9rt. Csepeli Lajos 2001 szeptembere \u00f3ta vezeti sikerrel a COOP-Szolnokot, el\u0151tte a Szolnok \u00e9s Vid\u00e9ke \u00c1F\u00e9sz \u00e9l\u00e9n \u00e1llt. Karakas L\u00e1szl\u00f3 v\u00e1rosi rend\u0151rkapit\u00e1ny szombaton Draskovics Tibort\u00f3l, az Igazs\u00e1g\u00fcgyi \u00e9s a Rend\u00e9szeti minisztert\u0151l vette \u00e1t a Magyar K\u00f6zt\u00e1rsas\u00e1gi Arany \u00c9rdemkeresztet. Karakas L\u00e1szl\u00f3 2001 \u00f3ta \u00e1ll a szolnoki kapit\u00e1nys\u00e1g \u00e9l\u00e9n. Az elismer\u00e9st kimagasl\u00f3 munk\u00e1ss\u00e1g\u00e1\u00e9rt kapta a kapit\u00e1ny.<\/p>\n","protected":false},"excerpt":{"rendered":"<p>Az \u00e1llami kit\u00fcntet\u00e9seket Lamperth M\u00f3nika t\u00e1rcavezet\u0151 adta \u00e1t cs\u00fct\u00f6rt\u00f6k\u00f6n a Szoci\u00e1lis \u00e9s Munka\u00fcgyi Miniszt\u00e9riumban. Elismer\u00e9st vehetett \u00e1t a COOP- Szolnok eln\u00f6k vez\u00e9rigazgat\u00f3ja is. Csepeli Lajos &#8211; aki egyben a COOP Hungary ZRT. eln\u00f6ke is &#8211; a Magyar K\u00f6zt\u00e1rsas\u00e1gi \u00c9rdemrend lovagkeresztj\u00e9t kapta kiv\u00e9telesen magas sz\u00ednvonalon kifejtett munk\u00e1ss\u00e1g\u00e1\u00e9rt, el\u00e9v\u00fclhetetlen \u00e9rdemei\u00e9rt. Csepeli Lajos 2001 szeptembere \u00f3ta vezeti sikerrel [&hellip;]<\/p>\n","protected":false},"author":2,"featured_media":0,"comment_status":"open","ping_status":"open","sticky":false,"template":"","format":"standard","meta":[],"categories":[24],"tags":[],"_links":{"self":[{"href":"http:\/\/archiv.szolnoktv.hu\/index.php?rest_route=\/wp\/v2\/posts\/30773"}],"collection":[{"href":"http:\/\/archiv.szolnoktv.hu\/index.php?rest_route=\/wp\/v2\/posts"}],"about":[{"href":"http:\/\/archiv.szolnoktv.hu\/index.php?rest_route=\/wp\/v2\/types\/post"}],"author":[{"embeddable":true,"href":"http:\/\/archiv.szolnoktv.hu\/index.php?rest_route=\/wp\/v2\/users\/2"}],"replies":[{"embeddable":true,"href":"http:\/\/archiv.szolnoktv.hu\/index.php?rest_route=%2Fwp%2Fv2%2Fcomments&post=30773"}],"version-history":[{"count":1,"href":"http:\/\/archiv.szolnoktv.hu\/index.php?rest_route=\/wp\/v2\/posts\/30773\/revisions"}],"predecessor-version":[{"id":30776,"href":"http:\/\/archiv.szolnoktv.hu\/index.php?rest_route=\/wp\/v2\/posts\/30773\/revisions\/30776"}],"wp:attachment":[{"href":"http:\/\/archiv.szolnoktv.hu\/index.php?rest_route=%2Fwp%2Fv2%2Fmedia&parent=30773"}],"wp:term":[{"taxonomy":"category","embeddable":true,"href":"http:\/\/archiv.szolnoktv.hu\/index.php?rest_route=%2Fwp%2Fv2%2Fcategories&post=30773"},{"taxonomy":"post_tag","embeddable":true,"href":"http:\/\/archiv.szolnoktv.hu\/index.php?rest_route=%2Fwp%2Fv2%2Ftags&post=30773"}],"curies":[{"name":"wp","href":"https:\/\/api.w.org\/{rel}","templated":true}]}}