{"id":30772,"date":"2008-03-18T18:17:50","date_gmt":"2008-03-18T18:17:50","guid":{"rendered":"http:\/\/archiv.szolnoktv.hu\/?p=30772"},"modified":"2021-11-17T11:50:55","modified_gmt":"2021-11-17T11:50:55","slug":"lassulo-az-apadas-a-tiszan","status":"publish","type":"post","link":"http:\/\/archiv.szolnoktv.hu\/?p=30772","title":{"rendered":"Lassul\u00f3 az apad\u00e1s a Tisz\u00e1n"},"content":{"rendered":"<div class='booster-block booster-read-block'><\/div><p>A m\u00falt h\u00e9ten megkezd\u0151d\u00f6tt apad\u00e1s jelent\u0151sen lelassult, mivel a Tisza fels\u0151 foly\u00e1s\u00e1n\u00e1l nagymennyis\u00e9g\u0171 es\u0151 esett. Ma d\u00e9lut\u00e1n a Tisza v\u00edz\u00e1ll\u00e1sa Szolnokn\u00e1l 502 centim\u00e9ter volt, a K\u00f6z\u00e9p Tisza- Vid\u00e9ki K\u00f6rnyezetv\u00e9delmi \u00e9s V\u00edz\u00fcgyi Igazgat\u00f3s\u00e1gt\u00f3l kapott t\u00e1j\u00e9koztat\u00f3 szerint- \u00e9ppen a v\u00e1rhat\u00f3, folyamatos es\u0151z\u00e9sek miatt- ak\u00e1r n\u00e9h\u00e1ny h\u00e9tig is megmaradhat az 500 centim\u00e9ter k\u00f6r\u00fcli v\u00edz\u00e1ll\u00e1s.<\/p>\n","protected":false},"excerpt":{"rendered":"<p>A m\u00falt h\u00e9ten megkezd\u0151d\u00f6tt apad\u00e1s jelent\u0151sen lelassult, mivel a Tisza fels\u0151 foly\u00e1s\u00e1n\u00e1l nagymennyis\u00e9g\u0171 es\u0151 esett. Ma d\u00e9lut\u00e1n a Tisza v\u00edz\u00e1ll\u00e1sa Szolnokn\u00e1l 502 centim\u00e9ter volt, a K\u00f6z\u00e9p Tisza- Vid\u00e9ki K\u00f6rnyezetv\u00e9delmi \u00e9s V\u00edz\u00fcgyi Igazgat\u00f3s\u00e1gt\u00f3l kapott t\u00e1j\u00e9koztat\u00f3 szerint- \u00e9ppen a v\u00e1rhat\u00f3, folyamatos es\u0151z\u00e9sek miatt- ak\u00e1r n\u00e9h\u00e1ny h\u00e9tig is megmaradhat az 500 centim\u00e9ter k\u00f6r\u00fcli v\u00edz\u00e1ll\u00e1s.<\/p>\n","protected":false},"author":2,"featured_media":0,"comment_status":"open","ping_status":"open","sticky":false,"template":"","format":"standard","meta":[],"categories":[24],"tags":[],"_links":{"self":[{"href":"http:\/\/archiv.szolnoktv.hu\/index.php?rest_route=\/wp\/v2\/posts\/30772"}],"collection":[{"href":"http:\/\/archiv.szolnoktv.hu\/index.php?rest_route=\/wp\/v2\/posts"}],"about":[{"href":"http:\/\/archiv.szolnoktv.hu\/index.php?rest_route=\/wp\/v2\/types\/post"}],"author":[{"embeddable":true,"href":"http:\/\/archiv.szolnoktv.hu\/index.php?rest_route=\/wp\/v2\/users\/2"}],"replies":[{"embeddable":true,"href":"http:\/\/archiv.szolnoktv.hu\/index.php?rest_route=%2Fwp%2Fv2%2Fcomments&post=30772"}],"version-history":[{"count":1,"href":"http:\/\/archiv.szolnoktv.hu\/index.php?rest_route=\/wp\/v2\/posts\/30772\/revisions"}],"predecessor-version":[{"id":30777,"href":"http:\/\/archiv.szolnoktv.hu\/index.php?rest_route=\/wp\/v2\/posts\/30772\/revisions\/30777"}],"wp:attachment":[{"href":"http:\/\/archiv.szolnoktv.hu\/index.php?rest_route=%2Fwp%2Fv2%2Fmedia&parent=30772"}],"wp:term":[{"taxonomy":"category","embeddable":true,"href":"http:\/\/archiv.szolnoktv.hu\/index.php?rest_route=%2Fwp%2Fv2%2Fcategories&post=30772"},{"taxonomy":"post_tag","embeddable":true,"href":"http:\/\/archiv.szolnoktv.hu\/index.php?rest_route=%2Fwp%2Fv2%2Ftags&post=30772"}],"curies":[{"name":"wp","href":"https:\/\/api.w.org\/{rel}","templated":true}]}}