{"id":30771,"date":"2008-03-18T18:17:20","date_gmt":"2008-03-18T18:17:20","guid":{"rendered":"http:\/\/archiv.szolnoktv.hu\/?p=30771"},"modified":"2021-11-17T11:50:55","modified_gmt":"2021-11-17T11:50:55","slug":"butoraruhaz-a-toszegi-uton","status":"publish","type":"post","link":"http:\/\/archiv.szolnoktv.hu\/?p=30771","title":{"rendered":"B\u00fator\u00e1ruh\u00e1z a T\u00f3szegi \u00faton"},"content":{"rendered":"<div class='booster-block booster-read-block'><\/div><p>Az Interfruct \u00e1ruh\u00e1z \u00e9s a v\u00edztorony k\u00f6zti ter\u00fcleten harmincmilli\u00f3 forintb\u00f3l b\u00fator\u00e1ruh\u00e1z \u00e9p\u00fcl. A kivitelez\u0151 ny\u00e1ron kapta meg az \u00e9p\u00edt\u00e9si enged\u00e9lyt, az \u00e9p\u00edtkez\u00e9s megkezd\u00e9s\u00e9t febru\u00e1r elej\u00e9n jelentette be a region\u00e1lis szakhat\u00f3s\u00e1ghoz. A polg\u00e1rmesteri hivatal \u00e9p\u00edt\u00e9shat\u00f3s\u00e1gi oszt\u00e1ly\u00e1nak k\u00e9r\u00e9s\u00e9re az \u00e9p\u00edttet\u0151 hamarosan t\u00e1bl\u00e1t helyez ki a telekhat\u00e1rra, amelyen az \u00e9p\u00edttet\u0151, az \u00e1tad\u00e1si hat\u00e1rid\u0151 \u00e9s a b\u00fator\u00e1ruh\u00e1z neve is olvashat\u00f3 lesz.<\/p>\n","protected":false},"excerpt":{"rendered":"<p>Az Interfruct \u00e1ruh\u00e1z \u00e9s a v\u00edztorony k\u00f6zti ter\u00fcleten harmincmilli\u00f3 forintb\u00f3l b\u00fator\u00e1ruh\u00e1z \u00e9p\u00fcl. A kivitelez\u0151 ny\u00e1ron kapta meg az \u00e9p\u00edt\u00e9si enged\u00e9lyt, az \u00e9p\u00edtkez\u00e9s megkezd\u00e9s\u00e9t febru\u00e1r elej\u00e9n jelentette be a region\u00e1lis szakhat\u00f3s\u00e1ghoz. A polg\u00e1rmesteri hivatal \u00e9p\u00edt\u00e9shat\u00f3s\u00e1gi oszt\u00e1ly\u00e1nak k\u00e9r\u00e9s\u00e9re az \u00e9p\u00edttet\u0151 hamarosan t\u00e1bl\u00e1t helyez ki a telekhat\u00e1rra, amelyen az \u00e9p\u00edttet\u0151, az \u00e1tad\u00e1si hat\u00e1rid\u0151 \u00e9s a b\u00fator\u00e1ruh\u00e1z neve is [&hellip;]<\/p>\n","protected":false},"author":2,"featured_media":0,"comment_status":"open","ping_status":"open","sticky":false,"template":"","format":"standard","meta":[],"categories":[24],"tags":[],"_links":{"self":[{"href":"http:\/\/archiv.szolnoktv.hu\/index.php?rest_route=\/wp\/v2\/posts\/30771"}],"collection":[{"href":"http:\/\/archiv.szolnoktv.hu\/index.php?rest_route=\/wp\/v2\/posts"}],"about":[{"href":"http:\/\/archiv.szolnoktv.hu\/index.php?rest_route=\/wp\/v2\/types\/post"}],"author":[{"embeddable":true,"href":"http:\/\/archiv.szolnoktv.hu\/index.php?rest_route=\/wp\/v2\/users\/2"}],"replies":[{"embeddable":true,"href":"http:\/\/archiv.szolnoktv.hu\/index.php?rest_route=%2Fwp%2Fv2%2Fcomments&post=30771"}],"version-history":[{"count":1,"href":"http:\/\/archiv.szolnoktv.hu\/index.php?rest_route=\/wp\/v2\/posts\/30771\/revisions"}],"predecessor-version":[{"id":30778,"href":"http:\/\/archiv.szolnoktv.hu\/index.php?rest_route=\/wp\/v2\/posts\/30771\/revisions\/30778"}],"wp:attachment":[{"href":"http:\/\/archiv.szolnoktv.hu\/index.php?rest_route=%2Fwp%2Fv2%2Fmedia&parent=30771"}],"wp:term":[{"taxonomy":"category","embeddable":true,"href":"http:\/\/archiv.szolnoktv.hu\/index.php?rest_route=%2Fwp%2Fv2%2Fcategories&post=30771"},{"taxonomy":"post_tag","embeddable":true,"href":"http:\/\/archiv.szolnoktv.hu\/index.php?rest_route=%2Fwp%2Fv2%2Ftags&post=30771"}],"curies":[{"name":"wp","href":"https:\/\/api.w.org\/{rel}","templated":true}]}}