{"id":30770,"date":"2008-03-18T18:16:53","date_gmt":"2008-03-18T18:16:53","guid":{"rendered":"http:\/\/archiv.szolnoktv.hu\/?p=30770"},"modified":"2021-11-17T11:50:55","modified_gmt":"2021-11-17T11:50:55","slug":"leirtak-a-papirgyarat","status":"publish","type":"post","link":"http:\/\/archiv.szolnoktv.hu\/?p=30770","title":{"rendered":"Le\u00edrt\u00e1k a pap\u00edrgy\u00e1rat"},"content":{"rendered":"<div class='booster-block booster-read-block'><\/div><p>Nincs tov\u00e1bb tal\u00e1lgat\u00e1s: m\u00e1t\u00f3l val\u00f3s\u00e1g, hogy bez\u00e1r a szolnoki pap\u00edrgy\u00e1r. \u00c9vek \u00f3ta t\u00e1ncolt penge\u00e9len a nagy ipari \u00fczem, m\u00e1t\u00f3l azonban &#8211; egyel\u0151re &#8211; nincs tov\u00e1bb. Vev\u0151t keresnek.<br \/>\nLe\u00e1lltak a gy\u00e1rt\u00f3sorok a szolnoki pap\u00edrgy\u00e1rban. Az irodai pap\u00edrgy\u00e1rt\u00e1s vil\u00e1gszint\u0171 tel\u00edtetts\u00e9ge miatt d\u00f6nt\u00f6tt \u00fagy a Mondi csoport, hogy befejezi a termel\u00e9st szolnoki gy\u00e1r\u00e1ban. A 265 munkav\u00e1llal\u00f3 szerz\u0151d\u00e9se \u00e1prilis harmincadik\u00e1ig sz\u00f3l. Ez alatt az id\u0151 alatt a c\u00e9g vezet\u00e9se folyamatosan t\u00e1rgyal a tov\u00e1bbi \u00fczemeltet\u0151kkel. A Mondinak egyetlen kik\u00f6t\u00e9se van: irodai pap\u00edrt nem gy\u00e1rthat a lehets\u00e9ges vev\u0151. Van rem\u00e9ny arra, hogy a dolgoz\u00f3k ne vesz\u00edts\u00e9k el munk\u00e1jukat. Ha m\u00e9gsem siker\u00fclne szakmai befektet\u0151t tal\u00e1lni, \u00fagy a 265 munkav\u00e1llal\u00f3 a t\u00f6rv\u00e9nyi el\u0151\u00edr\u00e1sokon t\u00fal \u00e1tlag hat havi munkab\u00e9rt kapna.<\/p>\n","protected":false},"excerpt":{"rendered":"<p>Nincs tov\u00e1bb tal\u00e1lgat\u00e1s: m\u00e1t\u00f3l val\u00f3s\u00e1g, hogy bez\u00e1r a szolnoki pap\u00edrgy\u00e1r. \u00c9vek \u00f3ta t\u00e1ncolt penge\u00e9len a nagy ipari \u00fczem, m\u00e1t\u00f3l azonban &#8211; egyel\u0151re &#8211; nincs tov\u00e1bb. Vev\u0151t keresnek. Le\u00e1lltak a gy\u00e1rt\u00f3sorok a szolnoki pap\u00edrgy\u00e1rban. Az irodai pap\u00edrgy\u00e1rt\u00e1s vil\u00e1gszint\u0171 tel\u00edtetts\u00e9ge miatt d\u00f6nt\u00f6tt \u00fagy a Mondi csoport, hogy befejezi a termel\u00e9st szolnoki gy\u00e1r\u00e1ban. A 265 munkav\u00e1llal\u00f3 szerz\u0151d\u00e9se \u00e1prilis [&hellip;]<\/p>\n","protected":false},"author":2,"featured_media":0,"comment_status":"open","ping_status":"open","sticky":false,"template":"","format":"standard","meta":[],"categories":[24],"tags":[],"_links":{"self":[{"href":"http:\/\/archiv.szolnoktv.hu\/index.php?rest_route=\/wp\/v2\/posts\/30770"}],"collection":[{"href":"http:\/\/archiv.szolnoktv.hu\/index.php?rest_route=\/wp\/v2\/posts"}],"about":[{"href":"http:\/\/archiv.szolnoktv.hu\/index.php?rest_route=\/wp\/v2\/types\/post"}],"author":[{"embeddable":true,"href":"http:\/\/archiv.szolnoktv.hu\/index.php?rest_route=\/wp\/v2\/users\/2"}],"replies":[{"embeddable":true,"href":"http:\/\/archiv.szolnoktv.hu\/index.php?rest_route=%2Fwp%2Fv2%2Fcomments&post=30770"}],"version-history":[{"count":1,"href":"http:\/\/archiv.szolnoktv.hu\/index.php?rest_route=\/wp\/v2\/posts\/30770\/revisions"}],"predecessor-version":[{"id":30779,"href":"http:\/\/archiv.szolnoktv.hu\/index.php?rest_route=\/wp\/v2\/posts\/30770\/revisions\/30779"}],"wp:attachment":[{"href":"http:\/\/archiv.szolnoktv.hu\/index.php?rest_route=%2Fwp%2Fv2%2Fmedia&parent=30770"}],"wp:term":[{"taxonomy":"category","embeddable":true,"href":"http:\/\/archiv.szolnoktv.hu\/index.php?rest_route=%2Fwp%2Fv2%2Fcategories&post=30770"},{"taxonomy":"post_tag","embeddable":true,"href":"http:\/\/archiv.szolnoktv.hu\/index.php?rest_route=%2Fwp%2Fv2%2Ftags&post=30770"}],"curies":[{"name":"wp","href":"https:\/\/api.w.org\/{rel}","templated":true}]}}