{"id":30768,"date":"2008-03-18T18:15:17","date_gmt":"2008-03-18T18:15:17","guid":{"rendered":"http:\/\/archiv.szolnoktv.hu\/?p=30768"},"modified":"2021-11-17T11:50:55","modified_gmt":"2021-11-17T11:50:55","slug":"megtelt-az-ipari-park","status":"publish","type":"post","link":"http:\/\/archiv.szolnoktv.hu\/?p=30768","title":{"rendered":"Megtelt az Ipari Park"},"content":{"rendered":"<div class='booster-block booster-read-block'><\/div><p>Helysz\u0171ke &#8211; ezt a t\u00e1bl\u00e1t tehetn\u00e9k ki a szolnoki ipari park kapuj\u00e1ra, ha volna kapuja. Ninsc t\u00f6bb hely, jelentkez\u0151 viszont igen, ez\u00e9rt a v\u00e1ros \u00fajabb ter\u00fcleteket v\u00e1s\u00e1rol hamarosan a betelep\u00fcl\u0151 c\u00e9gek sz\u00e1m\u00e1ra.<br \/>\nNem volt el\u00e9g az Ipari Park 80 hekt\u00e1ros ter\u00fclete. Az \u00faj betelep\u00fcl\u0151knek a v\u00e1ros \u00edgy nem tudna helyet biztos\u00edtani. Ez\u00e9rt d\u00f6nt\u00f6tt \u00fagy az \u00f6nkomr\u00e1nyzat, hogy tov\u00e1bbi 300 hekt\u00e1rral kib\u0151v\u00edti a ter\u00fcletet. A r\u00e9szletes szab\u00e1lyoz\u00e1si terv m\u00e1r elk\u00e9sz\u00fclt, de tov\u00e1bbi v\u00e9lem\u00e9nyez\u00e9sre v\u00e1r. Ha a v\u00e9gs\u0151 v\u00e1ltozatot a k\u00f6zgy\u0171l\u00e9s elfogadja, akkor kezdhetik meg a t\u00e1rgyal\u00e1sokat a jelenlegi tulajdonosokkal. Pataki Ferenc f\u0151\u00e9p\u00edt\u00e9sz szerint \u00edgy 15-20 \u00e9vig nem jelentene akad\u00e1lyt az \u00faj betelep\u00fcl\u0151 gy\u00e1rak, c\u00e9gek fogad\u00e1sa.<\/p>\n","protected":false},"excerpt":{"rendered":"<p>Helysz\u0171ke &#8211; ezt a t\u00e1bl\u00e1t tehetn\u00e9k ki a szolnoki ipari park kapuj\u00e1ra, ha volna kapuja. Ninsc t\u00f6bb hely, jelentkez\u0151 viszont igen, ez\u00e9rt a v\u00e1ros \u00fajabb ter\u00fcleteket v\u00e1s\u00e1rol hamarosan a betelep\u00fcl\u0151 c\u00e9gek sz\u00e1m\u00e1ra. Nem volt el\u00e9g az Ipari Park 80 hekt\u00e1ros ter\u00fclete. Az \u00faj betelep\u00fcl\u0151knek a v\u00e1ros \u00edgy nem tudna helyet biztos\u00edtani. Ez\u00e9rt d\u00f6nt\u00f6tt \u00fagy az [&hellip;]<\/p>\n","protected":false},"author":2,"featured_media":0,"comment_status":"open","ping_status":"open","sticky":false,"template":"","format":"standard","meta":[],"categories":[24],"tags":[],"_links":{"self":[{"href":"http:\/\/archiv.szolnoktv.hu\/index.php?rest_route=\/wp\/v2\/posts\/30768"}],"collection":[{"href":"http:\/\/archiv.szolnoktv.hu\/index.php?rest_route=\/wp\/v2\/posts"}],"about":[{"href":"http:\/\/archiv.szolnoktv.hu\/index.php?rest_route=\/wp\/v2\/types\/post"}],"author":[{"embeddable":true,"href":"http:\/\/archiv.szolnoktv.hu\/index.php?rest_route=\/wp\/v2\/users\/2"}],"replies":[{"embeddable":true,"href":"http:\/\/archiv.szolnoktv.hu\/index.php?rest_route=%2Fwp%2Fv2%2Fcomments&post=30768"}],"version-history":[{"count":1,"href":"http:\/\/archiv.szolnoktv.hu\/index.php?rest_route=\/wp\/v2\/posts\/30768\/revisions"}],"predecessor-version":[{"id":30781,"href":"http:\/\/archiv.szolnoktv.hu\/index.php?rest_route=\/wp\/v2\/posts\/30768\/revisions\/30781"}],"wp:attachment":[{"href":"http:\/\/archiv.szolnoktv.hu\/index.php?rest_route=%2Fwp%2Fv2%2Fmedia&parent=30768"}],"wp:term":[{"taxonomy":"category","embeddable":true,"href":"http:\/\/archiv.szolnoktv.hu\/index.php?rest_route=%2Fwp%2Fv2%2Fcategories&post=30768"},{"taxonomy":"post_tag","embeddable":true,"href":"http:\/\/archiv.szolnoktv.hu\/index.php?rest_route=%2Fwp%2Fv2%2Ftags&post=30768"}],"curies":[{"name":"wp","href":"https:\/\/api.w.org\/{rel}","templated":true}]}}