{"id":30767,"date":"2008-03-18T18:14:44","date_gmt":"2008-03-18T18:14:44","guid":{"rendered":"http:\/\/archiv.szolnoktv.hu\/?p=30767"},"modified":"2021-11-17T11:50:56","modified_gmt":"2021-11-17T11:50:56","slug":"idegenforgalmi-palyazatok-a-regioban","status":"publish","type":"post","link":"http:\/\/archiv.szolnoktv.hu\/?p=30767","title":{"rendered":"Idegenforgalmi p\u00e1ly\u00e1zatok a r\u00e9gi\u00f3ban"},"content":{"rendered":"<div class='booster-block booster-read-block'><\/div><p>160 milli\u00f3 forint \u00e1ll rendelkez\u00e9sre ebben az \u00e9vben az \u00c9szak-alf\u00f6ldi R\u00e9gi\u00f3ban megval\u00f3sul\u00f3 turisztikai rendezv\u00e9nyek \u00e9s marketing eszk\u00f6z\u00f6k t\u00e1mogat\u00e1s\u00e1ra.<br \/>\nAz el\u0151z\u0151 esztend\u0151h\u00f6z k\u00e9pest 70 milli\u00f3 forinttal t\u00f6bb p\u00e9nz ford\u00edthat\u00f3 az \u00c9szak-alf\u00f6ldi R\u00e9gi\u00f3 turisztikai strat\u00e9giai c\u00e9ljainak megval\u00f3s\u00edt\u00e1s\u00e1ra, amelyt\u0151l t\u00f6bbek k\u00f6z\u00f6tt a szezon\u00e1lis ingadoz\u00e1sok cs\u00f6kkent\u00e9s\u00e9t \u00e9s az \u00e1gazatb\u00f3l sz\u00e1rmaz\u00f3 bev\u00e9telek n\u00f6veked\u00e9s\u00e9t rem\u00e9lik a szakemberek. A 160 milli\u00f3 h\u00e1romnegyede ford\u00edthat\u00f3 a komoly vonzer\u0151vel b\u00edr\u00f3 region\u00e1lis rendezv\u00e9nyek t\u00e1mogat\u00e1s\u00e1ra. Az el\u0151z\u0151 \u00e9vihez k\u00e9pest k\u00e9tszer annyi, 40 milli\u00f3 forint \u00e1ll rendelkez\u00e9sre a marketing c\u00e9lokra, \u00edgy p\u00e9ld\u00e1ul t\u00e1mogatj\u00e1k a kiadv\u00e1nyok megjelentet\u00e9s\u00e9t \u00e9pp\u00fagy, mint az internetes honlapok fejleszt\u00e9s\u00e9t, a szakv\u00e1s\u00e1rokon val\u00f3 r\u00e9szv\u00e9telt. Ebben a kateg\u00f3ri\u00e1ban 20-25 p\u00e1ly\u00e1zatra sz\u00e1m\u00edtanak a szakemberek. Az \u00f6nkorm\u00e1nyzatok, nonprofit szervezetek t\u00e1mogat\u00e1sa 65 sz\u00e1zal\u00e9kos, m\u00edg a versenyszf\u00e9r\u00e1\u00e9 50 sz\u00e1zal\u00e9kos, egy p\u00e1ly\u00e1zat maximum 2 milli\u00f3 forintot kaphat. A p\u00e1ly\u00e1z\u00e1s hat\u00e1rideje \u00e1prilis 15-e, az ut\u00f3finansz\u00edroz\u00e1s\u00fa p\u00e1ly\u00e1zatokr\u00f3l 90 napon bel\u00fcl d\u00f6ntenek. A formanyomtatv\u00e1nyok \u00e9s \u00fatmutat\u00f3k let\u00f6lthet\u0151k az internetr\u0151l, \u00edgy p\u00e9ld\u00e1ul a szakt\u00e1rca, vagy a Magyar Turizmus Zrt. honlapj\u00e1r\u00f3l.<\/p>\n","protected":false},"excerpt":{"rendered":"<p>160 milli\u00f3 forint \u00e1ll rendelkez\u00e9sre ebben az \u00e9vben az \u00c9szak-alf\u00f6ldi R\u00e9gi\u00f3ban megval\u00f3sul\u00f3 turisztikai rendezv\u00e9nyek \u00e9s marketing eszk\u00f6z\u00f6k t\u00e1mogat\u00e1s\u00e1ra. Az el\u0151z\u0151 esztend\u0151h\u00f6z k\u00e9pest 70 milli\u00f3 forinttal t\u00f6bb p\u00e9nz ford\u00edthat\u00f3 az \u00c9szak-alf\u00f6ldi R\u00e9gi\u00f3 turisztikai strat\u00e9giai c\u00e9ljainak megval\u00f3s\u00edt\u00e1s\u00e1ra, amelyt\u0151l t\u00f6bbek k\u00f6z\u00f6tt a szezon\u00e1lis ingadoz\u00e1sok cs\u00f6kkent\u00e9s\u00e9t \u00e9s az \u00e1gazatb\u00f3l sz\u00e1rmaz\u00f3 bev\u00e9telek n\u00f6veked\u00e9s\u00e9t rem\u00e9lik a szakemberek. A 160 milli\u00f3 h\u00e1romnegyede [&hellip;]<\/p>\n","protected":false},"author":2,"featured_media":0,"comment_status":"open","ping_status":"open","sticky":false,"template":"","format":"standard","meta":[],"categories":[24],"tags":[],"_links":{"self":[{"href":"http:\/\/archiv.szolnoktv.hu\/index.php?rest_route=\/wp\/v2\/posts\/30767"}],"collection":[{"href":"http:\/\/archiv.szolnoktv.hu\/index.php?rest_route=\/wp\/v2\/posts"}],"about":[{"href":"http:\/\/archiv.szolnoktv.hu\/index.php?rest_route=\/wp\/v2\/types\/post"}],"author":[{"embeddable":true,"href":"http:\/\/archiv.szolnoktv.hu\/index.php?rest_route=\/wp\/v2\/users\/2"}],"replies":[{"embeddable":true,"href":"http:\/\/archiv.szolnoktv.hu\/index.php?rest_route=%2Fwp%2Fv2%2Fcomments&post=30767"}],"version-history":[{"count":1,"href":"http:\/\/archiv.szolnoktv.hu\/index.php?rest_route=\/wp\/v2\/posts\/30767\/revisions"}],"predecessor-version":[{"id":30782,"href":"http:\/\/archiv.szolnoktv.hu\/index.php?rest_route=\/wp\/v2\/posts\/30767\/revisions\/30782"}],"wp:attachment":[{"href":"http:\/\/archiv.szolnoktv.hu\/index.php?rest_route=%2Fwp%2Fv2%2Fmedia&parent=30767"}],"wp:term":[{"taxonomy":"category","embeddable":true,"href":"http:\/\/archiv.szolnoktv.hu\/index.php?rest_route=%2Fwp%2Fv2%2Fcategories&post=30767"},{"taxonomy":"post_tag","embeddable":true,"href":"http:\/\/archiv.szolnoktv.hu\/index.php?rest_route=%2Fwp%2Fv2%2Ftags&post=30767"}],"curies":[{"name":"wp","href":"https:\/\/api.w.org\/{rel}","templated":true}]}}