{"id":30766,"date":"2008-03-17T21:53:36","date_gmt":"2008-03-17T21:53:36","guid":{"rendered":"http:\/\/archiv.szolnoktv.hu\/?p=30766"},"modified":"2021-11-17T11:50:56","modified_gmt":"2021-11-17T11:50:56","slug":"uj-forgalmi-rend","status":"publish","type":"post","link":"http:\/\/archiv.szolnoktv.hu\/?p=30766","title":{"rendered":"\u00daj forgalmi rend"},"content":{"rendered":"<div class='booster-block booster-read-block'><\/div><p>Forgol\u00f3d\u00f3 aut\u00f3k a S\u00f3h\u00e1z \u00faton. P\u00e9nteken beton vir\u00e1gl\u00e1d\u00e1kat raktak le keresztbe a Verseghy Ferenc Gimn\u00e1zium el\u0151tti \u00fatszakaszra. Az \u00fajabb v\u00e1ltoztat\u00e1sra az\u00e9rt volt sz\u00fcks\u00e9g, mert a buszok m\u00e1rcius 31-t\u0151l ism\u00e9t \u00e1thajthatnak a Kossuth t\u00e9ren mindk\u00e9t ir\u00e1nyb\u00f3l. A meglehet\u0151sen nagy forgalommal azonban a Szabads\u00e1gt\u00e9ri keresztez\u0151d\u00e9s nem b\u00edrk\u00f3zott meg, \u00edgy a S\u00f3h\u00e1z \u00faton \u00e1tmen\u0151 forgalmat az Ady Endre \u00fat ir\u00e1ny\u00e1ba terelt\u00e9k.<\/p>\n","protected":false},"excerpt":{"rendered":"<p>Forgol\u00f3d\u00f3 aut\u00f3k a S\u00f3h\u00e1z \u00faton. P\u00e9nteken beton vir\u00e1gl\u00e1d\u00e1kat raktak le keresztbe a Verseghy Ferenc Gimn\u00e1zium el\u0151tti \u00fatszakaszra. Az \u00fajabb v\u00e1ltoztat\u00e1sra az\u00e9rt volt sz\u00fcks\u00e9g, mert a buszok m\u00e1rcius 31-t\u0151l ism\u00e9t \u00e1thajthatnak a Kossuth t\u00e9ren mindk\u00e9t ir\u00e1nyb\u00f3l. A meglehet\u0151sen nagy forgalommal azonban a Szabads\u00e1gt\u00e9ri keresztez\u0151d\u00e9s nem b\u00edrk\u00f3zott meg, \u00edgy a S\u00f3h\u00e1z \u00faton \u00e1tmen\u0151 forgalmat az Ady Endre [&hellip;]<\/p>\n","protected":false},"author":2,"featured_media":0,"comment_status":"open","ping_status":"open","sticky":false,"template":"","format":"standard","meta":[],"categories":[24],"tags":[],"_links":{"self":[{"href":"http:\/\/archiv.szolnoktv.hu\/index.php?rest_route=\/wp\/v2\/posts\/30766"}],"collection":[{"href":"http:\/\/archiv.szolnoktv.hu\/index.php?rest_route=\/wp\/v2\/posts"}],"about":[{"href":"http:\/\/archiv.szolnoktv.hu\/index.php?rest_route=\/wp\/v2\/types\/post"}],"author":[{"embeddable":true,"href":"http:\/\/archiv.szolnoktv.hu\/index.php?rest_route=\/wp\/v2\/users\/2"}],"replies":[{"embeddable":true,"href":"http:\/\/archiv.szolnoktv.hu\/index.php?rest_route=%2Fwp%2Fv2%2Fcomments&post=30766"}],"version-history":[{"count":1,"href":"http:\/\/archiv.szolnoktv.hu\/index.php?rest_route=\/wp\/v2\/posts\/30766\/revisions"}],"predecessor-version":[{"id":30783,"href":"http:\/\/archiv.szolnoktv.hu\/index.php?rest_route=\/wp\/v2\/posts\/30766\/revisions\/30783"}],"wp:attachment":[{"href":"http:\/\/archiv.szolnoktv.hu\/index.php?rest_route=%2Fwp%2Fv2%2Fmedia&parent=30766"}],"wp:term":[{"taxonomy":"category","embeddable":true,"href":"http:\/\/archiv.szolnoktv.hu\/index.php?rest_route=%2Fwp%2Fv2%2Fcategories&post=30766"},{"taxonomy":"post_tag","embeddable":true,"href":"http:\/\/archiv.szolnoktv.hu\/index.php?rest_route=%2Fwp%2Fv2%2Ftags&post=30766"}],"curies":[{"name":"wp","href":"https:\/\/api.w.org\/{rel}","templated":true}]}}