{"id":30763,"date":"2008-03-17T21:39:11","date_gmt":"2008-03-17T21:39:11","guid":{"rendered":"http:\/\/archiv.szolnoktv.hu\/?p=30763"},"modified":"2021-11-17T11:50:56","modified_gmt":"2021-11-17T11:50:56","slug":"jubileumi-het-a-korosi-iskolaban","status":"publish","type":"post","link":"http:\/\/archiv.szolnoktv.hu\/?p=30763","title":{"rendered":"Jubileumi h\u00e9t a K\u0151r\u00f6si Iskol\u00e1ban"},"content":{"rendered":"<div class='booster-block booster-read-block'><\/div><p>30 \u00e9ves fenn\u00e1ll\u00e1s\u00e1t \u00fcnnepli a h\u00e9ten a K\u0151r\u00f6si Csoma S\u00e1ndor \u00c1ltal\u00e1nos Iskola \u00e9s Kontstantin Alapfok\u00fa M\u0171v\u00e9szetoktat\u00e1si Int\u00e9zm\u00e9ny. Islolat\u00f6rt\u00e9neti ki\u00e1ll\u00edt\u00e1ssal, koszor\u00faz\u00e1ssal, rajzversennyel, iskolak\u00f6nyvvel \u00e9s g\u00e1l\u00e1val eml\u00e9keznek ezen  a h\u00e9ten az elm\u00falt 3 \u00e9vtizedre. E k\u00f6nyvb\u0151l tudhatjuk meg azt is, hogy a 70 es \u00e9vekben uszod\u00e1t terveztek a tornaterem f\u00f6l\u00e9. 630-an j\u00e1rnak ma a K\u0151r\u00f6sibe, az elm\u00falt 30 \u00e9vben pedig 104 oszt\u00e1ly 2400 di\u00e1kja  ballagott el.<\/p>\n","protected":false},"excerpt":{"rendered":"<p>30 \u00e9ves fenn\u00e1ll\u00e1s\u00e1t \u00fcnnepli a h\u00e9ten a K\u0151r\u00f6si Csoma S\u00e1ndor \u00c1ltal\u00e1nos Iskola \u00e9s Kontstantin Alapfok\u00fa M\u0171v\u00e9szetoktat\u00e1si Int\u00e9zm\u00e9ny. Islolat\u00f6rt\u00e9neti ki\u00e1ll\u00edt\u00e1ssal, koszor\u00faz\u00e1ssal, rajzversennyel, iskolak\u00f6nyvvel \u00e9s g\u00e1l\u00e1val eml\u00e9keznek ezen a h\u00e9ten az elm\u00falt 3 \u00e9vtizedre. E k\u00f6nyvb\u0151l tudhatjuk meg azt is, hogy a 70 es \u00e9vekben uszod\u00e1t terveztek a tornaterem f\u00f6l\u00e9. 630-an j\u00e1rnak ma a K\u0151r\u00f6sibe, az elm\u00falt [&hellip;]<\/p>\n","protected":false},"author":2,"featured_media":0,"comment_status":"open","ping_status":"open","sticky":false,"template":"","format":"standard","meta":[],"categories":[24],"tags":[],"_links":{"self":[{"href":"http:\/\/archiv.szolnoktv.hu\/index.php?rest_route=\/wp\/v2\/posts\/30763"}],"collection":[{"href":"http:\/\/archiv.szolnoktv.hu\/index.php?rest_route=\/wp\/v2\/posts"}],"about":[{"href":"http:\/\/archiv.szolnoktv.hu\/index.php?rest_route=\/wp\/v2\/types\/post"}],"author":[{"embeddable":true,"href":"http:\/\/archiv.szolnoktv.hu\/index.php?rest_route=\/wp\/v2\/users\/2"}],"replies":[{"embeddable":true,"href":"http:\/\/archiv.szolnoktv.hu\/index.php?rest_route=%2Fwp%2Fv2%2Fcomments&post=30763"}],"version-history":[{"count":1,"href":"http:\/\/archiv.szolnoktv.hu\/index.php?rest_route=\/wp\/v2\/posts\/30763\/revisions"}],"predecessor-version":[{"id":30786,"href":"http:\/\/archiv.szolnoktv.hu\/index.php?rest_route=\/wp\/v2\/posts\/30763\/revisions\/30786"}],"wp:attachment":[{"href":"http:\/\/archiv.szolnoktv.hu\/index.php?rest_route=%2Fwp%2Fv2%2Fmedia&parent=30763"}],"wp:term":[{"taxonomy":"category","embeddable":true,"href":"http:\/\/archiv.szolnoktv.hu\/index.php?rest_route=%2Fwp%2Fv2%2Fcategories&post=30763"},{"taxonomy":"post_tag","embeddable":true,"href":"http:\/\/archiv.szolnoktv.hu\/index.php?rest_route=%2Fwp%2Fv2%2Ftags&post=30763"}],"curies":[{"name":"wp","href":"https:\/\/api.w.org\/{rel}","templated":true}]}}