{"id":30762,"date":"2008-03-17T21:38:23","date_gmt":"2008-03-17T21:38:23","guid":{"rendered":"http:\/\/archiv.szolnoktv.hu\/?p=30762"},"modified":"2021-11-17T11:50:56","modified_gmt":"2021-11-17T11:50:56","slug":"iskolaklub-a-szechenyiben","status":"publish","type":"post","link":"http:\/\/archiv.szolnoktv.hu\/?p=30762","title":{"rendered":"Iskolaklub a Sz\u00e9chenyiben"},"content":{"rendered":"<div class='booster-block booster-read-block'><\/div><p>Orsz\u00e1gosan is egyed\u00fcl\u00e1ll\u00f3 iskolaklub ny\u00edlt ma a Sz\u00e9chenyi k\u0151r\u00fati \u00c1ltal\u00e1nos iskol\u00e1ban. A helyis\u00e9get maguk a m\u0171v\u00e9szetis di\u00e1kok festett\u00e9k ki  k\u00fcl\u00f6nb\u00f6z\u0151 alkot\u00f3k ihlette v\u00e1ltozatos st\u00edlusokban. <br \/>Utc\u00e1n cselleng\u00e9s helyett j\u00f3 hangulatban, sz\u00e9p k\u00f6rnyezetben, ellen\u0151rz\u00f6tten sz\u00f3rakozhatnak a tanul\u00f3k minden nap 2-4 ig.A t\u00e1rsasj\u00e1t\u00e9kokat, billi\u00e1rdot, sakkot, sz\u00e1m\u00edt\u00f3g\u00e9pes j\u00e1t\u00e9kokat, csocs\u00f3t beosztott tan\u00e1rok fel\u00fcgyelik.<\/p>\n","protected":false},"excerpt":{"rendered":"<p>Orsz\u00e1gosan is egyed\u00fcl\u00e1ll\u00f3 iskolaklub ny\u00edlt ma a Sz\u00e9chenyi k\u0151r\u00fati \u00c1ltal\u00e1nos iskol\u00e1ban. A helyis\u00e9get maguk a m\u0171v\u00e9szetis di\u00e1kok festett\u00e9k ki k\u00fcl\u00f6nb\u00f6z\u0151 alkot\u00f3k ihlette v\u00e1ltozatos st\u00edlusokban. Utc\u00e1n cselleng\u00e9s helyett j\u00f3 hangulatban, sz\u00e9p k\u00f6rnyezetben, ellen\u0151rz\u00f6tten sz\u00f3rakozhatnak a tanul\u00f3k minden nap 2-4 ig.A t\u00e1rsasj\u00e1t\u00e9kokat, billi\u00e1rdot, sakkot, sz\u00e1m\u00edt\u00f3g\u00e9pes j\u00e1t\u00e9kokat, csocs\u00f3t beosztott tan\u00e1rok fel\u00fcgyelik.<\/p>\n","protected":false},"author":2,"featured_media":0,"comment_status":"open","ping_status":"open","sticky":false,"template":"","format":"standard","meta":[],"categories":[24],"tags":[],"_links":{"self":[{"href":"http:\/\/archiv.szolnoktv.hu\/index.php?rest_route=\/wp\/v2\/posts\/30762"}],"collection":[{"href":"http:\/\/archiv.szolnoktv.hu\/index.php?rest_route=\/wp\/v2\/posts"}],"about":[{"href":"http:\/\/archiv.szolnoktv.hu\/index.php?rest_route=\/wp\/v2\/types\/post"}],"author":[{"embeddable":true,"href":"http:\/\/archiv.szolnoktv.hu\/index.php?rest_route=\/wp\/v2\/users\/2"}],"replies":[{"embeddable":true,"href":"http:\/\/archiv.szolnoktv.hu\/index.php?rest_route=%2Fwp%2Fv2%2Fcomments&post=30762"}],"version-history":[{"count":1,"href":"http:\/\/archiv.szolnoktv.hu\/index.php?rest_route=\/wp\/v2\/posts\/30762\/revisions"}],"predecessor-version":[{"id":30787,"href":"http:\/\/archiv.szolnoktv.hu\/index.php?rest_route=\/wp\/v2\/posts\/30762\/revisions\/30787"}],"wp:attachment":[{"href":"http:\/\/archiv.szolnoktv.hu\/index.php?rest_route=%2Fwp%2Fv2%2Fmedia&parent=30762"}],"wp:term":[{"taxonomy":"category","embeddable":true,"href":"http:\/\/archiv.szolnoktv.hu\/index.php?rest_route=%2Fwp%2Fv2%2Fcategories&post=30762"},{"taxonomy":"post_tag","embeddable":true,"href":"http:\/\/archiv.szolnoktv.hu\/index.php?rest_route=%2Fwp%2Fv2%2Ftags&post=30762"}],"curies":[{"name":"wp","href":"https:\/\/api.w.org\/{rel}","templated":true}]}}