{"id":30760,"date":"2008-03-17T21:36:45","date_gmt":"2008-03-17T21:36:45","guid":{"rendered":"http:\/\/archiv.szolnoktv.hu\/?p=30760"},"modified":"2021-11-17T11:50:56","modified_gmt":"2021-11-17T11:50:56","slug":"kollegank-elismerese","status":"publish","type":"post","link":"http:\/\/archiv.szolnoktv.hu\/?p=30760","title":{"rendered":"Koll\u00e9g\u00e1nk elismer\u00e9se"},"content":{"rendered":"<div class='booster-block booster-read-block'><\/div><p>Amikor a h\u00f3h\u00e9rt akasztj\u00e1k &#8211; mondhatn\u00e1nk, de nem lenne st\u00edlusos. A Magyar Sajt\u00f3 napj\u00e1n ugyanis az \u00fajs\u00e1g\u00edr\u00f3k v\u00e1lnak a szakma t\u00e1rgy\u00e1v\u00e1, r\u00f3luk azaz r\u00f3lunk sz\u00f3lnak a h\u00edrek.<br \/>\nAz \u00fajs\u00e1g\u00edr\u00f3k k\u00f6zlik a h\u00edreket, nem \u0151k a h\u00edr t\u00e1rgyai. Kiv\u00e9ve a magyar sajt\u00f3 napj\u00e1t, amikor a h\u00edrk\u00e9sz\u00edt\u0151 esetleg h\u00edrr\u00e9 v\u00e1lik. A Fidesz &#8211; Magyar Polg\u00e1ri Sz\u00f6vets\u00e9g imm\u00e1r \u00e9vek \u00f3ta megtisztel egy-egy koll\u00e9g\u00e1t azzal, hogy munk\u00e1j\u00e1t \u00e9rt\u00e9kelve feh\u00e9r asztal mellett sz\u00e9p plakettel is elismerik koll\u00e9g\u00e1ink munk\u00e1j\u00e1t. Az id\u00e9n Poly\u00e1k K\u00e1lm\u00e1n, a Szolnok Telev\u00edzi\u00f3 n\u00e9h\u00e1ny h\u00f3napja nyugd\u00edjas munkat\u00e1rsa \u00e9s Zsoldos Gy\u00f6rgy az \u00daj N\u00e9plap t\u00f6rdel\u0151szerkeszt\u0151je kapta az elismer\u00e9st. Poly\u00e1k K\u00e1lm\u00e1n a p\u00e1rtatlan \u00e9s hiteles telev\u00edzi\u00f3s riportjai\u00e9rt kapta a plakettet. Zsoldos Gy\u00f6rgy kital\u00e1lt figur\u00e1ja, Pill Elem\u00e9r r\u00f6vid jegyzetekben t\u0171zte tollhegyre \u00e9let\u00fcnk fon\u00e1ks\u00e1gait imm\u00e1r \u00e9vek \u00f3ta.<\/p>\n","protected":false},"excerpt":{"rendered":"<p>Amikor a h\u00f3h\u00e9rt akasztj\u00e1k &#8211; mondhatn\u00e1nk, de nem lenne st\u00edlusos. A Magyar Sajt\u00f3 napj\u00e1n ugyanis az \u00fajs\u00e1g\u00edr\u00f3k v\u00e1lnak a szakma t\u00e1rgy\u00e1v\u00e1, r\u00f3luk azaz r\u00f3lunk sz\u00f3lnak a h\u00edrek. Az \u00fajs\u00e1g\u00edr\u00f3k k\u00f6zlik a h\u00edreket, nem \u0151k a h\u00edr t\u00e1rgyai. Kiv\u00e9ve a magyar sajt\u00f3 napj\u00e1t, amikor a h\u00edrk\u00e9sz\u00edt\u0151 esetleg h\u00edrr\u00e9 v\u00e1lik. A Fidesz &#8211; Magyar Polg\u00e1ri Sz\u00f6vets\u00e9g imm\u00e1r [&hellip;]<\/p>\n","protected":false},"author":2,"featured_media":0,"comment_status":"open","ping_status":"open","sticky":false,"template":"","format":"standard","meta":[],"categories":[24],"tags":[],"_links":{"self":[{"href":"http:\/\/archiv.szolnoktv.hu\/index.php?rest_route=\/wp\/v2\/posts\/30760"}],"collection":[{"href":"http:\/\/archiv.szolnoktv.hu\/index.php?rest_route=\/wp\/v2\/posts"}],"about":[{"href":"http:\/\/archiv.szolnoktv.hu\/index.php?rest_route=\/wp\/v2\/types\/post"}],"author":[{"embeddable":true,"href":"http:\/\/archiv.szolnoktv.hu\/index.php?rest_route=\/wp\/v2\/users\/2"}],"replies":[{"embeddable":true,"href":"http:\/\/archiv.szolnoktv.hu\/index.php?rest_route=%2Fwp%2Fv2%2Fcomments&post=30760"}],"version-history":[{"count":1,"href":"http:\/\/archiv.szolnoktv.hu\/index.php?rest_route=\/wp\/v2\/posts\/30760\/revisions"}],"predecessor-version":[{"id":30789,"href":"http:\/\/archiv.szolnoktv.hu\/index.php?rest_route=\/wp\/v2\/posts\/30760\/revisions\/30789"}],"wp:attachment":[{"href":"http:\/\/archiv.szolnoktv.hu\/index.php?rest_route=%2Fwp%2Fv2%2Fmedia&parent=30760"}],"wp:term":[{"taxonomy":"category","embeddable":true,"href":"http:\/\/archiv.szolnoktv.hu\/index.php?rest_route=%2Fwp%2Fv2%2Fcategories&post=30760"},{"taxonomy":"post_tag","embeddable":true,"href":"http:\/\/archiv.szolnoktv.hu\/index.php?rest_route=%2Fwp%2Fv2%2Ftags&post=30760"}],"curies":[{"name":"wp","href":"https:\/\/api.w.org\/{rel}","templated":true}]}}