{"id":30759,"date":"2008-03-17T21:34:34","date_gmt":"2008-03-17T21:34:34","guid":{"rendered":"http:\/\/archiv.szolnoktv.hu\/?p=30759"},"modified":"2021-11-17T11:50:56","modified_gmt":"2021-11-17T11:50:56","slug":"ujabb-ingyenes-szurovizsgalatok","status":"publish","type":"post","link":"http:\/\/archiv.szolnoktv.hu\/?p=30759","title":{"rendered":"\u00dajabb ingyenes sz\u0171r\u0151vizsg\u00e1latok"},"content":{"rendered":"<div class='booster-block booster-read-block'><\/div><p>A k\u00f6zgy\u0171l\u00e9s a v\u00e1ros idei k\u00f6lts\u00e9gvet\u00e9s\u00e9b\u0151l h\u00e9t milli\u00f3 forintot k\u00fcl\u00f6n\u00edtett el eg\u00e9szs\u00e9gnevel\u0151- \u00e9s fejleszt\u0151 programokra. Ez mag\u00e1ban foglaln\u00e1 egyes v\u00e9d\u0151olt\u00e1sok finansz\u00edroz\u00e1s\u00e1t, valamint a m\u00e1r ismert ingyenes sz\u0171r\u0151vizsg\u00e1latok szervez\u00e9s\u00e9t.<br \/>\nSzolnok \u00f6nkorm\u00e1nyzat\u00e1nak egyik strat\u00e9gi\u00e1ja: t\u00f6bbet tenni a megyesz\u00e9khelyen \u00e9l\u0151k eg\u00e9szs\u00e9g\u00e9\u00e9rt. Erre a sz\u00e1nd\u00e9kra m\u00e1r volt p\u00e9lda nem is egyszer. Legut\u00f3bb a Tiszta Sz\u00edvvel Szolnok\u00e9rt sz\u0171r\u0151vizsg\u00e1latain vehettek r\u00e9szt az \u00e9rdekl\u0151d\u0151k. A k\u00f6zgy\u0171l\u00e9s, a hagyom\u00e1ny folytat\u00e1sak\u00e9nt h\u00e9tmilli\u00f3 forintot k\u00fcl\u00f6n\u00edtett el az idei k\u00f6lts\u00e9gvet\u00e9sb\u0151l az \u00fagynevezett Eg\u00e9szs\u00e9g\u00fcgyi Prevenci\u00f3s Feladatokra.A programba bele tartozna a di\u00e1kok eg\u00e9szs\u00e9gfejleszt\u00e9se, valamint egyes korcsoportokn\u00e1l a v\u00e9d\u0151olt\u00e1sok finansz\u00edroz\u00e1sa is. A h\u00e9t milli\u00f3 forint nem sok, de indul\u00f3t\u0151k\u00e9nek megfelel\u0151, mondta a bizotts\u00e1g eln\u00f6ke. \u00dajabb gy\u00f3gyszert\u00e1r ny\u00edlik Szolnokon. Ez\u00fattal Szandasz\u0151l\u0151s\u00f6n, a nem t\u00fal kihaszn\u00e1lt piac hely\u00e9n. A patikaliberaliz\u00e1ci\u00f3 \u00f3ta az \u00f6nkorm\u00e1nyzatok nem sz\u00f3lhatnak bele, hogy hol \u00e9s milyen felt\u00e9telek mellett ny\u00edlhat \u00faj gy\u00f3gyszert\u00e1r, mind\u00f6ssze v\u00e9lem\u00e9nyezhetik azt. Az \u00faj patik\u00e1nak term\u00e9szetesen az \u00fcgyeleti rendszerben is szerepelnie kell.<\/p>\n","protected":false},"excerpt":{"rendered":"<p>A k\u00f6zgy\u0171l\u00e9s a v\u00e1ros idei k\u00f6lts\u00e9gvet\u00e9s\u00e9b\u0151l h\u00e9t milli\u00f3 forintot k\u00fcl\u00f6n\u00edtett el eg\u00e9szs\u00e9gnevel\u0151- \u00e9s fejleszt\u0151 programokra. Ez mag\u00e1ban foglaln\u00e1 egyes v\u00e9d\u0151olt\u00e1sok finansz\u00edroz\u00e1s\u00e1t, valamint a m\u00e1r ismert ingyenes sz\u0171r\u0151vizsg\u00e1latok szervez\u00e9s\u00e9t. Szolnok \u00f6nkorm\u00e1nyzat\u00e1nak egyik strat\u00e9gi\u00e1ja: t\u00f6bbet tenni a megyesz\u00e9khelyen \u00e9l\u0151k eg\u00e9szs\u00e9g\u00e9\u00e9rt. Erre a sz\u00e1nd\u00e9kra m\u00e1r volt p\u00e9lda nem is egyszer. Legut\u00f3bb a Tiszta Sz\u00edvvel Szolnok\u00e9rt sz\u0171r\u0151vizsg\u00e1latain vehettek r\u00e9szt [&hellip;]<\/p>\n","protected":false},"author":2,"featured_media":0,"comment_status":"open","ping_status":"open","sticky":false,"template":"","format":"standard","meta":[],"categories":[24],"tags":[],"_links":{"self":[{"href":"http:\/\/archiv.szolnoktv.hu\/index.php?rest_route=\/wp\/v2\/posts\/30759"}],"collection":[{"href":"http:\/\/archiv.szolnoktv.hu\/index.php?rest_route=\/wp\/v2\/posts"}],"about":[{"href":"http:\/\/archiv.szolnoktv.hu\/index.php?rest_route=\/wp\/v2\/types\/post"}],"author":[{"embeddable":true,"href":"http:\/\/archiv.szolnoktv.hu\/index.php?rest_route=\/wp\/v2\/users\/2"}],"replies":[{"embeddable":true,"href":"http:\/\/archiv.szolnoktv.hu\/index.php?rest_route=%2Fwp%2Fv2%2Fcomments&post=30759"}],"version-history":[{"count":1,"href":"http:\/\/archiv.szolnoktv.hu\/index.php?rest_route=\/wp\/v2\/posts\/30759\/revisions"}],"predecessor-version":[{"id":30790,"href":"http:\/\/archiv.szolnoktv.hu\/index.php?rest_route=\/wp\/v2\/posts\/30759\/revisions\/30790"}],"wp:attachment":[{"href":"http:\/\/archiv.szolnoktv.hu\/index.php?rest_route=%2Fwp%2Fv2%2Fmedia&parent=30759"}],"wp:term":[{"taxonomy":"category","embeddable":true,"href":"http:\/\/archiv.szolnoktv.hu\/index.php?rest_route=%2Fwp%2Fv2%2Fcategories&post=30759"},{"taxonomy":"post_tag","embeddable":true,"href":"http:\/\/archiv.szolnoktv.hu\/index.php?rest_route=%2Fwp%2Fv2%2Ftags&post=30759"}],"curies":[{"name":"wp","href":"https:\/\/api.w.org\/{rel}","templated":true}]}}