{"id":30755,"date":"2008-03-15T01:30:10","date_gmt":"2008-03-15T01:30:10","guid":{"rendered":"http:\/\/archiv.szolnoktv.hu\/?p=30755"},"modified":"2021-11-17T11:50:57","modified_gmt":"2021-11-17T11:50:57","slug":"vizualis-iskola-kiallitas","status":"publish","type":"post","link":"http:\/\/archiv.szolnoktv.hu\/?p=30755","title":{"rendered":"Vizu\u00e1lis iskola ki\u00e1ll\u00edt\u00e1s"},"content":{"rendered":"<div class='booster-block booster-read-block'><\/div><p>Szertelen tavasz-szertelen k\u00e9pekkel. A rendezv\u00e9nysorozat r\u00e9szek\u00e9nt rendhagy\u00f3 ki\u00e1ll\u00edt\u00e1s ny\u00edlt ma a Tisza part moziban. A vizu\u00e1lis Iskola fiatal n\u00f6vend\u00e9keinek munk\u00e1i a v\u00e9lhet\u0151en a cselleng\u0151 fiatalokat is becsalogatj\u00e1k a k\u00e1v\u00e9z\u00f3ba, de legal\u00e1bbis egy jobb, k\u00f6vethet\u0151bb utat mutatnak nekik, mely a m\u0171v\u00e9szeteken \u00e1t az \u00f6nkifejez\u00e9sig vezet.<br \/>\nAkvarellek, csend\u00e9letek, fant\u00e1ziamunk\u00e1k, lin\u00f3metszetek, pasztellek t\u00f6ltik meg m\u00e1t\u00f3l  a Tiszapart mozi k\u00e1v\u00e9z\u00f3j\u00e1t. A 12 \u00e9ve m\u0171k\u00f6d\u0151 Szolnoki Vizu\u00e1lis Alapaiskola 7. 8.oszt\u00e1lyos n\u00f6vend\u00e9kei, valamint gimnazista m\u0171v\u00e9szpal\u00e1nt\u00e1i k\u00e9sz\u00edtett\u00e9k a m\u0171veket, melyekb\u0151l   ki\u00e1ll\u00edt\u00e1st nyitottak  a Szertelen tavasz rendezv\u00e9nysorozat r\u00e9szek\u00e9nt. A szervez\u0151k j\u00f3 p\u00e9ld\u00e1t szeretn\u00e9nek ezzel mutatni a cselleng\u0151 fiataloknak, megmutatva azt: kezd\u0151 m\u0171v\u00e9sztanonck\u00e9nt is lehet maradand\u00f3t, ki\u00e1ll\u00edt\u00e1sra val\u00f3t alkotni. <br \/>A vizu\u00e1lis iskola 3 tan\u00e1ra Danka Attila, Nagy D\u00e9nes \u00e9s P\u00e1ncsis Edina h\u00e9tr\u0151l h\u00e9rte \u00fajabb \u00e9s \u00fajabb technik\u00e1kkal ismeretteik meg n\u00f6vend\u00e9keiket. Fant\u00e1zi\u00e1juk azonban szabadon sz\u00e1rnyalhat, s \u00edgy a szigor\u00fa szab\u00e1lyokon alapul\u00f3 m\u00f3dszerek, s a fant\u00e1zia  csod\u00e1latos vil\u00e1ga szemreval\u00f3 elegyet k\u00e9pez. A fiatalok munk\u00e1it \u00e1prilis 7-ig tekinthetik meg az \u00e9rdekl\u0151d\u0151l d\u00e9lut\u00e1n 2 \u00e9s este 10 \u00f3ra k\u00f6z\u00f6tt a tiszapart moziban.<\/p>\n","protected":false},"excerpt":{"rendered":"<p>Szertelen tavasz-szertelen k\u00e9pekkel. A rendezv\u00e9nysorozat r\u00e9szek\u00e9nt rendhagy\u00f3 ki\u00e1ll\u00edt\u00e1s ny\u00edlt ma a Tisza part moziban. A vizu\u00e1lis Iskola fiatal n\u00f6vend\u00e9keinek munk\u00e1i a v\u00e9lhet\u0151en a cselleng\u0151 fiatalokat is becsalogatj\u00e1k a k\u00e1v\u00e9z\u00f3ba, de legal\u00e1bbis egy jobb, k\u00f6vethet\u0151bb utat mutatnak nekik, mely a m\u0171v\u00e9szeteken \u00e1t az \u00f6nkifejez\u00e9sig vezet. Akvarellek, csend\u00e9letek, fant\u00e1ziamunk\u00e1k, lin\u00f3metszetek, pasztellek t\u00f6ltik meg m\u00e1t\u00f3l a Tiszapart mozi [&hellip;]<\/p>\n","protected":false},"author":2,"featured_media":0,"comment_status":"open","ping_status":"open","sticky":false,"template":"","format":"standard","meta":[],"categories":[24],"tags":[],"_links":{"self":[{"href":"http:\/\/archiv.szolnoktv.hu\/index.php?rest_route=\/wp\/v2\/posts\/30755"}],"collection":[{"href":"http:\/\/archiv.szolnoktv.hu\/index.php?rest_route=\/wp\/v2\/posts"}],"about":[{"href":"http:\/\/archiv.szolnoktv.hu\/index.php?rest_route=\/wp\/v2\/types\/post"}],"author":[{"embeddable":true,"href":"http:\/\/archiv.szolnoktv.hu\/index.php?rest_route=\/wp\/v2\/users\/2"}],"replies":[{"embeddable":true,"href":"http:\/\/archiv.szolnoktv.hu\/index.php?rest_route=%2Fwp%2Fv2%2Fcomments&post=30755"}],"version-history":[{"count":1,"href":"http:\/\/archiv.szolnoktv.hu\/index.php?rest_route=\/wp\/v2\/posts\/30755\/revisions"}],"predecessor-version":[{"id":30794,"href":"http:\/\/archiv.szolnoktv.hu\/index.php?rest_route=\/wp\/v2\/posts\/30755\/revisions\/30794"}],"wp:attachment":[{"href":"http:\/\/archiv.szolnoktv.hu\/index.php?rest_route=%2Fwp%2Fv2%2Fmedia&parent=30755"}],"wp:term":[{"taxonomy":"category","embeddable":true,"href":"http:\/\/archiv.szolnoktv.hu\/index.php?rest_route=%2Fwp%2Fv2%2Fcategories&post=30755"},{"taxonomy":"post_tag","embeddable":true,"href":"http:\/\/archiv.szolnoktv.hu\/index.php?rest_route=%2Fwp%2Fv2%2Ftags&post=30755"}],"curies":[{"name":"wp","href":"https:\/\/api.w.org\/{rel}","templated":true}]}}