{"id":30754,"date":"2008-03-15T01:29:33","date_gmt":"2008-03-15T01:29:33","guid":{"rendered":"http:\/\/archiv.szolnoktv.hu\/?p=30754"},"modified":"2021-11-17T11:50:57","modified_gmt":"2021-11-17T11:50:57","slug":"varosfejleszto-zrt-alakulo-ules","status":"publish","type":"post","link":"http:\/\/archiv.szolnoktv.hu\/?p=30754","title":{"rendered":"V\u00e1rosfejleszt\u0151 Zrt. alakul\u00f3 \u00fcl\u00e9s"},"content":{"rendered":"<div class='booster-block booster-read-block'><\/div><p>Az Integr\u00e1lt V\u00e1rosfejleszt\u00e9si Strat\u00e9gia gondoz\u00e1sa lesz a v\u00e1ros leg\u00fajabb c\u00e9g\u00e9nek feladata. A V\u00e1rosfejleszt\u0151 Zrt. ma tartotta alakul\u00f3 \u00fcl\u00e9s\u00e9t.<br \/>\nA helyi gazdas\u00e1gi \u00e9let vezet\u0151i lettek a tagjai annak a sz\u00e1z sz\u00e1zal\u00e9kig \u00f6nkorm\u00e1nyzati tulajdonban l\u00e9v\u0151 c\u00e9gnek, amely szolnoki v\u00e1rosk\u00e9pet gy\u00f6keresen megv\u00e1ltoztat\u00f3, meg\u00faj\u00edt\u00f3 Integr\u00e1lt V\u00e1rosfejleszt\u00e9si Strat\u00e9gia feladatait koordin\u00e1lja. A febru\u00e1r 21- i k\u00f6zgy\u0171l\u00e9s hagyta j\u00f3v\u00e1 a c\u00e9g alap\u00edt\u00e1s\u00e1t. A tagok ma d\u00e9lel\u0151tt vehett\u00e9k \u00e1t megb\u00edz\u00f3level\u00fcket Hegmann\u00e9 Nemes S\u00e1ra alpolg\u00e1rmestert\u0151l. A gazdas\u00e1gi t\u00e1rsas\u00e1gban a v\u00e1ros \u00e9rdekeit F\u00fcle Istv\u00e1n szocialista \u00f6nkorm\u00e1nyzati k\u00e9pvisel\u0151 k\u00e9pviseli, a h\u00e9ttag\u00fa igazgat\u00f3s\u00e1g eln\u00f6ke Horv\u00e1th P\u00e9ter kor\u00e1bbi fideszes \u00f6nkorm\u00e1nyzati k\u00e9pvisel\u0151 lett. A neves k\u00f6zgazd\u00e1sz 2005-ben mondott le \u00f6nkorm\u00e1nyzati mand\u00e1tum\u00e1r\u00f3l. Az \u00fcgyvezet\u0151 igazgat\u00f3i feladatot Bakos R\u00f3bert, a Szols\u00fct Zrt eln\u00f6k- vez\u00e9rigazgat\u00f3ja l\u00e1tja el. Sem a h\u00e9ttag\u00fa igazgat\u00f3tan\u00e1cs, sem az \u00f6tf\u0151s fel\u00fcgyel\u0151 bizotts\u00e1g tagjai nem kapnak tiszteletd\u00edjat a V\u00e1rosfejleszt\u0151 Zrt.-ben v\u00e9gzett munk\u00e1juk\u00e9rt.<\/p>\n","protected":false},"excerpt":{"rendered":"<p>Az Integr\u00e1lt V\u00e1rosfejleszt\u00e9si Strat\u00e9gia gondoz\u00e1sa lesz a v\u00e1ros leg\u00fajabb c\u00e9g\u00e9nek feladata. A V\u00e1rosfejleszt\u0151 Zrt. ma tartotta alakul\u00f3 \u00fcl\u00e9s\u00e9t. A helyi gazdas\u00e1gi \u00e9let vezet\u0151i lettek a tagjai annak a sz\u00e1z sz\u00e1zal\u00e9kig \u00f6nkorm\u00e1nyzati tulajdonban l\u00e9v\u0151 c\u00e9gnek, amely szolnoki v\u00e1rosk\u00e9pet gy\u00f6keresen megv\u00e1ltoztat\u00f3, meg\u00faj\u00edt\u00f3 Integr\u00e1lt V\u00e1rosfejleszt\u00e9si Strat\u00e9gia feladatait koordin\u00e1lja. A febru\u00e1r 21- i k\u00f6zgy\u0171l\u00e9s hagyta j\u00f3v\u00e1 a c\u00e9g alap\u00edt\u00e1s\u00e1t. [&hellip;]<\/p>\n","protected":false},"author":2,"featured_media":0,"comment_status":"open","ping_status":"open","sticky":false,"template":"","format":"standard","meta":[],"categories":[24],"tags":[],"_links":{"self":[{"href":"http:\/\/archiv.szolnoktv.hu\/index.php?rest_route=\/wp\/v2\/posts\/30754"}],"collection":[{"href":"http:\/\/archiv.szolnoktv.hu\/index.php?rest_route=\/wp\/v2\/posts"}],"about":[{"href":"http:\/\/archiv.szolnoktv.hu\/index.php?rest_route=\/wp\/v2\/types\/post"}],"author":[{"embeddable":true,"href":"http:\/\/archiv.szolnoktv.hu\/index.php?rest_route=\/wp\/v2\/users\/2"}],"replies":[{"embeddable":true,"href":"http:\/\/archiv.szolnoktv.hu\/index.php?rest_route=%2Fwp%2Fv2%2Fcomments&post=30754"}],"version-history":[{"count":1,"href":"http:\/\/archiv.szolnoktv.hu\/index.php?rest_route=\/wp\/v2\/posts\/30754\/revisions"}],"predecessor-version":[{"id":30795,"href":"http:\/\/archiv.szolnoktv.hu\/index.php?rest_route=\/wp\/v2\/posts\/30754\/revisions\/30795"}],"wp:attachment":[{"href":"http:\/\/archiv.szolnoktv.hu\/index.php?rest_route=%2Fwp%2Fv2%2Fmedia&parent=30754"}],"wp:term":[{"taxonomy":"category","embeddable":true,"href":"http:\/\/archiv.szolnoktv.hu\/index.php?rest_route=%2Fwp%2Fv2%2Fcategories&post=30754"},{"taxonomy":"post_tag","embeddable":true,"href":"http:\/\/archiv.szolnoktv.hu\/index.php?rest_route=%2Fwp%2Fv2%2Ftags&post=30754"}],"curies":[{"name":"wp","href":"https:\/\/api.w.org\/{rel}","templated":true}]}}