{"id":30753,"date":"2008-03-15T01:28:38","date_gmt":"2008-03-15T01:28:38","guid":{"rendered":"http:\/\/archiv.szolnoktv.hu\/?p=30753"},"modified":"2021-11-17T11:50:57","modified_gmt":"2021-11-17T11:50:57","slug":"teherauto-ellenorzes","status":"publish","type":"post","link":"http:\/\/archiv.szolnoktv.hu\/?p=30753","title":{"rendered":"Teheraut\u00f3 ellen\u0151rz\u00e9s"},"content":{"rendered":"<div class='booster-block booster-read-block'><\/div><p>Eredm\u00e9nyesen lez\u00e1rult a m\u00e1sodik uni\u00f3s k\u00f6zleked\u00e9si akci\u00f3 megy\u00e9nk \u00fatjain. A rend\u0151r\u00f6k els\u0151sorban a teheraut\u00f3kat ellen\u0151rizt\u00e9k, 8 esetben szab\u00e1lys\u00e9rt\u00e9si feljelent\u00e9st is tettek.<br \/>\n611 g\u00e9pj\u00e1rm\u0171vet ellen\u0151riztek a rend\u0151r\u00f6k a k\u00e9tnapos orsz\u00e1gos ellen\u0151rz\u00e9s sor\u00e1n kedden \u00e9s szerd\u00e1n megy\u00e9nk \u00fatjain. Az idei m\u00e1sodik uni\u00f3s akci\u00f3 c\u00e9lpontjai a teheraut\u00f3k voltak, egy felm\u00e9r\u00e9sb\u0151l ugyanis az der\u00fclt ki: a szem\u00e9lyi s\u00e9r\u00fcl\u00e9ses balesetek t\u00f6bb mint t\u00edz sz\u00e1zal\u00e9k\u00e1t teherg\u00e9pj\u00e1rm\u0171vek vezet\u0151i okozz\u00e1k t\u00e9rs\u00e9g\u00fcnkben. T\u00f6bb mint 250 teherg\u00e9pkocsit viszg\u00e1ltak, nyolc esetben tettek a eend\u0151r\u00f6k szab\u00e1lys\u00e9rt\u00e9si feljelent\u00e9st. A vizsg\u00e1latok kiterjedtek egyebek mellett a vezet\u00e9si \u00e9s pihen\u0151id\u0151kre, a j\u00e1rm\u0171vek m\u0171szaki \u00e1llapot\u00e1ra a szem\u00e9ly- \u00e9s \u00e1rusz\u00e1ll\u00edt\u00e1s felt\u00e9teleire \u00e9s biztons\u00e1g\u00e1ra vonatkoz\u00f3 szab\u00e1lyok betart\u00e1s\u00e1nak ellen\u0151rz\u00e9s\u00e9re. Az ellen\u0151r\u00f6k emellett a f\u00e9kek \u00e9s a gumiabroncsok \u00e1llapot\u00e1t, a rakom\u00e1nyr\u00f6gz\u00edt\u00e9s m\u00f3dj\u00e1t, a tengelyterhel\u00e9s m\u00e9rt\u00e9k\u00e9t, a vezet\u00e9si- \u00e9s pihen\u0151id\u0151k betart\u00e1s\u00e1t, \u00e9s a j\u00e1rm\u0171 m\u0171szaki \u00e1llapot\u00e1t vizsg\u00e1lt\u00e1k. 360 szem\u00e9lyaut\u00f3t ellen\u0151riztek, 86 feljelent\u00e9st tettek. N\u00e9gyszer a szonda is pozit\u00edv lett. Ehhez hasonl\u00f3 k\u00f6zleked\u00e9si akci\u00f3ra minden h\u00f3napban sz\u00e1m\u00edthatnak az aut\u00f3sok.<\/p>\n","protected":false},"excerpt":{"rendered":"<p>Eredm\u00e9nyesen lez\u00e1rult a m\u00e1sodik uni\u00f3s k\u00f6zleked\u00e9si akci\u00f3 megy\u00e9nk \u00fatjain. A rend\u0151r\u00f6k els\u0151sorban a teheraut\u00f3kat ellen\u0151rizt\u00e9k, 8 esetben szab\u00e1lys\u00e9rt\u00e9si feljelent\u00e9st is tettek. 611 g\u00e9pj\u00e1rm\u0171vet ellen\u0151riztek a rend\u0151r\u00f6k a k\u00e9tnapos orsz\u00e1gos ellen\u0151rz\u00e9s sor\u00e1n kedden \u00e9s szerd\u00e1n megy\u00e9nk \u00fatjain. Az idei m\u00e1sodik uni\u00f3s akci\u00f3 c\u00e9lpontjai a teheraut\u00f3k voltak, egy felm\u00e9r\u00e9sb\u0151l ugyanis az der\u00fclt ki: a szem\u00e9lyi s\u00e9r\u00fcl\u00e9ses balesetek [&hellip;]<\/p>\n","protected":false},"author":2,"featured_media":0,"comment_status":"open","ping_status":"open","sticky":false,"template":"","format":"standard","meta":[],"categories":[24],"tags":[],"_links":{"self":[{"href":"http:\/\/archiv.szolnoktv.hu\/index.php?rest_route=\/wp\/v2\/posts\/30753"}],"collection":[{"href":"http:\/\/archiv.szolnoktv.hu\/index.php?rest_route=\/wp\/v2\/posts"}],"about":[{"href":"http:\/\/archiv.szolnoktv.hu\/index.php?rest_route=\/wp\/v2\/types\/post"}],"author":[{"embeddable":true,"href":"http:\/\/archiv.szolnoktv.hu\/index.php?rest_route=\/wp\/v2\/users\/2"}],"replies":[{"embeddable":true,"href":"http:\/\/archiv.szolnoktv.hu\/index.php?rest_route=%2Fwp%2Fv2%2Fcomments&post=30753"}],"version-history":[{"count":1,"href":"http:\/\/archiv.szolnoktv.hu\/index.php?rest_route=\/wp\/v2\/posts\/30753\/revisions"}],"predecessor-version":[{"id":30796,"href":"http:\/\/archiv.szolnoktv.hu\/index.php?rest_route=\/wp\/v2\/posts\/30753\/revisions\/30796"}],"wp:attachment":[{"href":"http:\/\/archiv.szolnoktv.hu\/index.php?rest_route=%2Fwp%2Fv2%2Fmedia&parent=30753"}],"wp:term":[{"taxonomy":"category","embeddable":true,"href":"http:\/\/archiv.szolnoktv.hu\/index.php?rest_route=%2Fwp%2Fv2%2Fcategories&post=30753"},{"taxonomy":"post_tag","embeddable":true,"href":"http:\/\/archiv.szolnoktv.hu\/index.php?rest_route=%2Fwp%2Fv2%2Ftags&post=30753"}],"curies":[{"name":"wp","href":"https:\/\/api.w.org\/{rel}","templated":true}]}}