{"id":30751,"date":"2008-03-15T01:26:14","date_gmt":"2008-03-15T01:26:14","guid":{"rendered":"http:\/\/archiv.szolnoktv.hu\/?p=30751"},"modified":"2021-11-17T11:50:57","modified_gmt":"2021-11-17T11:50:57","slug":"szabad-sajto-napja","status":"publish","type":"post","link":"http:\/\/archiv.szolnoktv.hu\/?p=30751","title":{"rendered":"Szabad Sajt\u00f3 Napja"},"content":{"rendered":"<div class='booster-block booster-read-block'><\/div><p>Az \u00edrott \u00e9s az elektronikus sajt\u00f3 munkat\u00e1rsait k\u00f6sz\u00f6nt\u00f6tt\u00e9k ma a Megyeh\u00e1z\u00e1n k\u00f6z\u00f6sen a v\u00e1ros \u00e9s a megye vezet\u0151i. M\u00e1rcius 15-\u00e9n a Szabad Magyar Sajt\u00f3 napj\u00e1t is \u00fcnnepelj\u00fck 1990 \u00f3ta, id\u00e9n 7 koll\u00e9g\u00e1nk munk\u00e1j\u00e1t ismert\u00e9k el, k\u00f6z\u00fcl\u00fck t\u00f6bben 30 \u00e9ve vannak a p\u00e1ly\u00e1n.<br \/>\nAz \u00edrott \u00e9s az elektronikus sajt\u00f3 munkat\u00e1rsait k\u00f6sz\u00f6nt\u00f6tt\u00e9k a Megyeh\u00e1z\u00e1n k\u00f6z\u00f6sen a v\u00e1ros \u00e9s a megye vezet\u0151i. M\u00e1rcius 15-\u00e9n a Szabad Magyar Sajt\u00f3 napj\u00e1t is \u00fcnnepelj\u00fck 1990 \u00f3ta, id\u00e9n 7 koll\u00e9g\u00e1nk munk\u00e1j\u00e1t ismert\u00e9k el. D\u00edjat kapott Korim \u00c9va, a Szolnok Telev\u00edzi\u00f3 f\u0151szerkeszt\u0151je \u00e9s Bogoly P\u00e9ter, a Szolnok Telev\u00edzi\u00f3 operat\u0151re. Eml\u00e9kplakettet kapott Laz\u00e1nyi J\u00f3zsef, az MTI tud\u00f3s\u00edt\u00f3ja, A Karcag Telev\u00edzi\u00f3 kollekt\u00edv\u00e1ja, Szilv\u00e1si Zsuzsa, az \u00daj N\u00e9plap zsurnaliszt\u00e1ja, Bozs\u00f3 Istv\u00e1n, az Akt\u00edv R\u00e1di\u00f3 vezet\u0151je \u00e9s Benk\u0151 Imre, a Magyar R\u00e1di\u00f3 \u00fajs\u00e1g\u00edr\u00f3ja.<\/p>\n","protected":false},"excerpt":{"rendered":"<p>Az \u00edrott \u00e9s az elektronikus sajt\u00f3 munkat\u00e1rsait k\u00f6sz\u00f6nt\u00f6tt\u00e9k ma a Megyeh\u00e1z\u00e1n k\u00f6z\u00f6sen a v\u00e1ros \u00e9s a megye vezet\u0151i. M\u00e1rcius 15-\u00e9n a Szabad Magyar Sajt\u00f3 napj\u00e1t is \u00fcnnepelj\u00fck 1990 \u00f3ta, id\u00e9n 7 koll\u00e9g\u00e1nk munk\u00e1j\u00e1t ismert\u00e9k el, k\u00f6z\u00fcl\u00fck t\u00f6bben 30 \u00e9ve vannak a p\u00e1ly\u00e1n. Az \u00edrott \u00e9s az elektronikus sajt\u00f3 munkat\u00e1rsait k\u00f6sz\u00f6nt\u00f6tt\u00e9k a Megyeh\u00e1z\u00e1n k\u00f6z\u00f6sen a v\u00e1ros [&hellip;]<\/p>\n","protected":false},"author":2,"featured_media":0,"comment_status":"open","ping_status":"open","sticky":false,"template":"","format":"standard","meta":[],"categories":[24],"tags":[],"_links":{"self":[{"href":"http:\/\/archiv.szolnoktv.hu\/index.php?rest_route=\/wp\/v2\/posts\/30751"}],"collection":[{"href":"http:\/\/archiv.szolnoktv.hu\/index.php?rest_route=\/wp\/v2\/posts"}],"about":[{"href":"http:\/\/archiv.szolnoktv.hu\/index.php?rest_route=\/wp\/v2\/types\/post"}],"author":[{"embeddable":true,"href":"http:\/\/archiv.szolnoktv.hu\/index.php?rest_route=\/wp\/v2\/users\/2"}],"replies":[{"embeddable":true,"href":"http:\/\/archiv.szolnoktv.hu\/index.php?rest_route=%2Fwp%2Fv2%2Fcomments&post=30751"}],"version-history":[{"count":1,"href":"http:\/\/archiv.szolnoktv.hu\/index.php?rest_route=\/wp\/v2\/posts\/30751\/revisions"}],"predecessor-version":[{"id":30798,"href":"http:\/\/archiv.szolnoktv.hu\/index.php?rest_route=\/wp\/v2\/posts\/30751\/revisions\/30798"}],"wp:attachment":[{"href":"http:\/\/archiv.szolnoktv.hu\/index.php?rest_route=%2Fwp%2Fv2%2Fmedia&parent=30751"}],"wp:term":[{"taxonomy":"category","embeddable":true,"href":"http:\/\/archiv.szolnoktv.hu\/index.php?rest_route=%2Fwp%2Fv2%2Fcategories&post=30751"},{"taxonomy":"post_tag","embeddable":true,"href":"http:\/\/archiv.szolnoktv.hu\/index.php?rest_route=%2Fwp%2Fv2%2Ftags&post=30751"}],"curies":[{"name":"wp","href":"https:\/\/api.w.org\/{rel}","templated":true}]}}