{"id":30750,"date":"2008-03-15T01:25:18","date_gmt":"2008-03-15T01:25:18","guid":{"rendered":"http:\/\/archiv.szolnoktv.hu\/?p=30750"},"modified":"2021-11-17T11:50:57","modified_gmt":"2021-11-17T11:50:57","slug":"rehabilitacios-uzem","status":"publish","type":"post","link":"http:\/\/archiv.szolnoktv.hu\/?p=30750","title":{"rendered":"Rehabilit\u00e1ci\u00f3s \u00fczem"},"content":{"rendered":"<div class='booster-block booster-read-block'><\/div><p>Eur\u00f3pai sz\u00ednvonal\u00fa munk\u00e1t v\u00e9geznek abban az \u00faj \u00fczemben melyet ma adtak \u00e1t Szolnokon. A megv\u00e1ltozott munkak\u00e9pesss\u00e9g\u0171ek zene mellett, kellemes k\u00f6rnyezetben, teljes\u00edtm\u00e9ny \u00e9s id\u0151k\u00e9nyszer n\u00e9lk\u00fcl dolgoznak . Probl\u00e9m\u00e1ik megold\u00e1s\u00e1ban pszichol\u00f3gus, gy\u00f3gytorn\u00e1sz valamint jogi tan\u00e1csad\u00f3 is seg\u00edt.<br \/>\nEz a b\u0151rdarab hamarosan egy Fordban takarja  a sebv\u00e1lt\u00f3t.<br \/>Ezt a b\u0151rdarabot Szolnokon varrt\u00e1k, egy ma megny\u00edlt \u00faj \u00fczemben. Ezt a b\u0151rdarabot megv\u00e1ltozott munkak\u00e9pess\u00e9g\u0171 ember k\u00e9sz\u00edti stresszmentesen, nem id\u0151re \u00e1m eur\u00f3pai min\u0151s\u00e9gben. \u00c1ll\u00edt\u00e1sok arr\u00f3l a telephelyr\u0151l, amely 70 embernek ad munk\u00e1t, \u00e9s  ahol a munka mellett pszichol\u00f3gus, gy\u00f3gytorn\u00e1sz, jogi tan\u00e1csad\u00f3 is a dolgoz\u00f3k rendelkez\u00e9s\u00e9re \u00e1ll. <\/p>\n","protected":false},"excerpt":{"rendered":"<p>Eur\u00f3pai sz\u00ednvonal\u00fa munk\u00e1t v\u00e9geznek abban az \u00faj \u00fczemben melyet ma adtak \u00e1t Szolnokon. A megv\u00e1ltozott munkak\u00e9pesss\u00e9g\u0171ek zene mellett, kellemes k\u00f6rnyezetben, teljes\u00edtm\u00e9ny \u00e9s id\u0151k\u00e9nyszer n\u00e9lk\u00fcl dolgoznak . Probl\u00e9m\u00e1ik megold\u00e1s\u00e1ban pszichol\u00f3gus, gy\u00f3gytorn\u00e1sz valamint jogi tan\u00e1csad\u00f3 is seg\u00edt. Ez a b\u0151rdarab hamarosan egy Fordban takarja a sebv\u00e1lt\u00f3t.Ezt a b\u0151rdarabot Szolnokon varrt\u00e1k, egy ma megny\u00edlt \u00faj \u00fczemben. Ezt a [&hellip;]<\/p>\n","protected":false},"author":2,"featured_media":0,"comment_status":"open","ping_status":"open","sticky":false,"template":"","format":"standard","meta":[],"categories":[24],"tags":[],"_links":{"self":[{"href":"http:\/\/archiv.szolnoktv.hu\/index.php?rest_route=\/wp\/v2\/posts\/30750"}],"collection":[{"href":"http:\/\/archiv.szolnoktv.hu\/index.php?rest_route=\/wp\/v2\/posts"}],"about":[{"href":"http:\/\/archiv.szolnoktv.hu\/index.php?rest_route=\/wp\/v2\/types\/post"}],"author":[{"embeddable":true,"href":"http:\/\/archiv.szolnoktv.hu\/index.php?rest_route=\/wp\/v2\/users\/2"}],"replies":[{"embeddable":true,"href":"http:\/\/archiv.szolnoktv.hu\/index.php?rest_route=%2Fwp%2Fv2%2Fcomments&post=30750"}],"version-history":[{"count":1,"href":"http:\/\/archiv.szolnoktv.hu\/index.php?rest_route=\/wp\/v2\/posts\/30750\/revisions"}],"predecessor-version":[{"id":30799,"href":"http:\/\/archiv.szolnoktv.hu\/index.php?rest_route=\/wp\/v2\/posts\/30750\/revisions\/30799"}],"wp:attachment":[{"href":"http:\/\/archiv.szolnoktv.hu\/index.php?rest_route=%2Fwp%2Fv2%2Fmedia&parent=30750"}],"wp:term":[{"taxonomy":"category","embeddable":true,"href":"http:\/\/archiv.szolnoktv.hu\/index.php?rest_route=%2Fwp%2Fv2%2Fcategories&post=30750"},{"taxonomy":"post_tag","embeddable":true,"href":"http:\/\/archiv.szolnoktv.hu\/index.php?rest_route=%2Fwp%2Fv2%2Ftags&post=30750"}],"curies":[{"name":"wp","href":"https:\/\/api.w.org\/{rel}","templated":true}]}}